{"id":43194,"date":"2025-03-27T20:46:20","date_gmt":"2025-03-27T20:46:20","guid":{"rendered":"https:\/\/247stiri.ro\/index.php\/2025\/03\/27\/ce-planuri-are-ministerul-educatiei-privind-desfasurarea-cursurilor-in-trei-schimburi-anuntul-ministrului-daniel-david\/"},"modified":"2025-03-27T20:46:20","modified_gmt":"2025-03-27T20:46:20","slug":"ce-planuri-are-ministerul-educatiei-privind-desfasurarea-cursurilor-in-trei-schimburi-anuntul-ministrului-daniel-david","status":"publish","type":"post","link":"https:\/\/247stiri.ro\/index.php\/2025\/03\/27\/ce-planuri-are-ministerul-educatiei-privind-desfasurarea-cursurilor-in-trei-schimburi-anuntul-ministrului-daniel-david\/","title":{"rendered":"Ce planuri are Ministerul Educa\u021biei privind desf\u0103\u015furarea cursurilor \u00een trei schimburi: anun\u021bul ministrului Daniel David"},"content":{"rendered":"<p>Ministrul Educa\u0163iei a afirmat c\u0103 derularea procesului de \u00eenv\u0103\u0163\u0103m\u00e2nt \u00een trei schimburi, \u00een unele \u015fcoli, \u201deste o problem\u0103 major\u0103, care afecteaz\u0103 calitatea actului educa\u0163ional\u201d.\u00a0<\/p>\n<p>\u00a0\u201dA\u015fa cum \u015ftiu, acest lucru este descurajat prin normele pe care le avem. Se mai dau unele excep\u0163ii doar ca s\u0103 putem derula activitatea educa\u0163ional\u0103, dar sunt excep\u0163ii \u015fi nu reprezint\u0103 ceva foarte r\u0103sp\u00e2ndit \u00een sistem. Dar este drept, \u015fi pu\u0163ine fiind, trebuie s\u0103 g\u0103sim solu\u0163ii pentru a corecta aceast\u0103 situa\u0163ie. \u00cen primul r\u00e2nd Inspectoratele trebuie s\u0103 caute solu\u0163ii \u00eempreun\u0103 cu autorit\u0103\u0163ile locale, dar \u015fi Ministerul se va implica \u00eencep\u00e2nd cu anul \u015fcolar 2025-2026\u201d, a transmis ministrul, r\u0103spunz\u00e2nd, pe Facebook, \u00eentreb\u0103rilor primite din partea celor interesa\u0163i de activitatea Ministerului Educa\u0163iei.\u00a0\u00a0Ministrul a precizat c\u0103, dac\u0103 s-ar face schimb\u0103ri acum, \u00een timp ce anul \u015fcolar este \u00een derulare, s-ar \u201dda peste cap lucrurile care deja se \u00eent\u00e2mpl\u0103\u201d.<\/p>","protected":false},"excerpt":{"rendered":"<p>Ministrul Educa\u0163iei a afirmat c\u0103 derularea procesului de \u00eenv\u0103\u0163\u0103m\u00e2nt \u00een trei schimburi, \u00een unele \u015fcoli,&hellip;<\/p>\n","protected":false},"author":0,"featured_media":43195,"comment_status":"open","ping_status":"open","sticky":false,"template":"","format":"standard","meta":{"footnotes":""},"categories":[2],"tags":[],"class_list":["post-43194","post","type-post","status-publish","format-standard","has-post-thumbnail","hentry","category-actual"],"_links":{"self":[{"href":"https:\/\/247stiri.ro\/index.php\/wp-json\/wp\/v2\/posts\/43194","targetHints":{"allow":["GET"]}}],"collection":[{"href":"https:\/\/247stiri.ro\/index.php\/wp-json\/wp\/v2\/posts"}],"about":[{"href":"https:\/\/247stiri.ro\/index.php\/wp-json\/wp\/v2\/types\/post"}],"replies":[{"embeddable":true,"href":"https:\/\/247stiri.ro\/index.php\/wp-json\/wp\/v2\/comments?post=43194"}],"version-history":[{"count":0,"href":"https:\/\/247stiri.ro\/index.php\/wp-json\/wp\/v2\/posts\/43194\/revisions"}],"wp:featuredmedia":[{"embeddable":true,"href":"https:\/\/247stiri.ro\/index.php\/wp-json\/wp\/v2\/media\/43195"}],"wp:attachment":[{"href":"https:\/\/247stiri.ro\/index.php\/wp-json\/wp\/v2\/media?parent=43194"}],"wp:term":[{"taxonomy":"category","embeddable":true,"href":"https:\/\/247stiri.ro\/index.php\/wp-json\/wp\/v2\/categories?post=43194"},{"taxonomy":"post_tag","embeddable":true,"href":"https:\/\/247stiri.ro\/index.php\/wp-json\/wp\/v2\/tags?post=43194"}],"curies":[{"name":"wp","href":"https:\/\/api.w.org\/{rel}","templated":true}]}}