{"id":43196,"date":"2025-03-27T20:46:21","date_gmt":"2025-03-27T20:46:21","guid":{"rendered":"https:\/\/247stiri.ro\/index.php\/2025\/03\/27\/cu-ce-poti-inlocui-ouale-din-mancare-in-timpul-postului-ingredientul-care-leaga-compozitia-si-ii-da-un-gust-deosebit\/"},"modified":"2025-03-27T20:46:21","modified_gmt":"2025-03-27T20:46:21","slug":"cu-ce-poti-inlocui-ouale-din-mancare-in-timpul-postului-ingredientul-care-leaga-compozitia-si-ii-da-un-gust-deosebit","status":"publish","type":"post","link":"https:\/\/247stiri.ro\/index.php\/2025\/03\/27\/cu-ce-poti-inlocui-ouale-din-mancare-in-timpul-postului-ingredientul-care-leaga-compozitia-si-ii-da-un-gust-deosebit\/","title":{"rendered":"Cu ce po\u021bi \u00eenlocui ou\u0103le din m\u00e2ncare \u00een timpul postului. Ingredientul care leag\u0103 compozi\u021bia \u0219i \u00eei d\u0103 un gust deosebit"},"content":{"rendered":"<p>F\u0103ina de in este ob\u021binut\u0103 prin m\u0103cinarea semin\u021belor de in, un ingredient care a fost folosit de secole datorit\u0103 beneficiilor sale nutri\u021bionale. Aceste semin\u021be sunt o surs\u0103 excelent\u0103 de acizi gra\u0219i omega-3, fibre \u0219i compu\u0219i vegetali cu propriet\u0103\u021bi antioxidante. \u00cen plus, f\u0103ina de in este bogat\u0103 \u00een proteine \u0219i s\u0103r\u0103c\u0103 \u00een calorii, ceea ce o face o op\u021biune excelent\u0103 pentru cei care doresc s\u0103 \u00ee\u0219i men\u021bin\u0103 o diet\u0103 s\u0103n\u0103toas\u0103.<\/p>\n<p>F\u0103ina de in are o capacitate extraordinar\u0103 de a lega ingredientele, similar cu ou\u0103le. Atunci c\u00e2nd este amestecat\u0103 cu ap\u0103, aceasta formeaz\u0103 un gel care poate \u00eenlocui eficient oul \u00een re\u021bete. Aceasta este o caracteristic\u0103 esen\u021bial\u0103 \u00een preparatele de patiserie, unde consisten\u021ba \u0219i textura sunt foarte importante.<\/p>\n<p>Fiecare lingur\u0103 de f\u0103in\u0103 de in (aproximativ 7 g) con\u021bine doar 37 de calorii, 3 g de gr\u0103sime \u0219i 1,3 g de proteine. Aceste valori sunt semnificativ mai mici comparativ cu ou\u0103le, ceea ce face ca f\u0103ina de in s\u0103 fie o alegere ideal\u0103 pentru cei care doresc s\u0103 reduc\u0103 aportul caloric. \u00cen plus, con\u021binutul ridicat de acizi gra\u0219i omega-3 poate ajuta la sc\u0103derea \u201dcolesterolului r\u0103u\u201d \u0219i la \u00eembun\u0103t\u0103\u021birea s\u0103n\u0103t\u0103\u021bii cardiovasculare.<\/p>\n<p>F\u0103ina de in func\u021bioneaz\u0103 excelent \u00een re\u021betele care necesit\u0103 un num\u0103r mic de ou\u0103, cum ar fi pr\u0103jiturile, cl\u0103titele, brio\u0219ele sau biscui\u021bii. De exemplu, pentru a \u00eenlocui un ou, amestec\u0103 o lingur\u0103 de f\u0103in\u0103 de in cu 3 linguri de ap\u0103 \u0219i las\u0103 amestecul s\u0103 stea timp de c\u00e2teva minute. Vei ob\u021bine un gel care va \u00eendeplini perfect rolul oului \u00een compozi\u021bia re\u021betei tale.<\/p>\n<p><a title=\"Cate zile trebuie sa tinem POST, de fapt, inainte sa ne spovedim? Sfatul unui cunoscut preot\" href=\"https:\/\/www.realitatea.net\/stiri\/lifestyle\/cate-zile-trebuie-sa-postim-de-fapt-inainte-sa-ne-spovedim-sfatul-unui-cunoscut-preot_67e419871adb5379357593e9\">C\u00e2te zile trebuie s\u0103 \u021binem POST, de fapt, \u00eenainte s\u0103 ne spovedim? Sfatul unui cunoscut preot<\/a><\/p>\n<p>Multe persoane se tem c\u0103 \u00eenlocuitorii ou\u0103lor nu vor oferi acela\u0219i gust ca ou\u0103le de g\u0103in\u0103. Cu toate acestea, f\u0103ina de in este un ingredient care adaug\u0103 o not\u0103 de nuc\u0103 \u0219i un gust subtil preparatelor, f\u0103r\u0103 a le schimba aroma de baz\u0103. Astfel, re\u021betele tale vor avea un gust la fel de bun ca \u0219i omologii lor cu ou\u0103.<\/p>\n<p>F\u0103ina de in este un ingredient esen\u021bial \u00een dietele vegane \u0219i \u00een perioadele de post. Cu propriet\u0103\u021bi de legare similare cu cele ale ou\u0103lor, un profil nutri\u021bional excelent \u0219i un gust pl\u0103cut, aceasta se dovede\u0219te a fi \u00eenlocuitorul ideal pentru ou\u0103. A\u0219adar, nu ezita s\u0103 \u00eencerci f\u0103ina de in \u00een re\u021betele tale preferate, chiar \u0219i \u00een timpul postului. Beneficiile sale pentru s\u0103n\u0103tate \u0219i versatilitatea o fac un ingredient de baz\u0103 \u00een orice buc\u0103t\u0103rie modern\u0103.<\/p>\n<p><a title=\"Postul Pastelui 2025: traditii, beneficii si retete delicioase pentru o alimentatie echilibrata\" href=\"https:\/\/www.realitatea.net\/stiri\/lifestyle\/postul-pastelui-2025-traditii-beneficii-si-retete-delicioase-pentru-o-alimentatie-echilibrata_67e46ed8d9475d7390599622\">Postul Pa\u0219telui 2025: tradi\u021bii, beneficii \u0219i re\u021bete delicioase pentru o alimenta\u021bie echilibrat\u0103<\/a><\/p>","protected":false},"excerpt":{"rendered":"<p>F\u0103ina de in este ob\u021binut\u0103 prin m\u0103cinarea semin\u021belor de in, un ingredient care a fost&hellip;<\/p>\n","protected":false},"author":0,"featured_media":43191,"comment_status":"open","ping_status":"open","sticky":false,"template":"","format":"standard","meta":{"footnotes":""},"categories":[2],"tags":[],"class_list":["post-43196","post","type-post","status-publish","format-standard","has-post-thumbnail","hentry","category-actual"],"_links":{"self":[{"href":"https:\/\/247stiri.ro\/index.php\/wp-json\/wp\/v2\/posts\/43196","targetHints":{"allow":["GET"]}}],"collection":[{"href":"https:\/\/247stiri.ro\/index.php\/wp-json\/wp\/v2\/posts"}],"about":[{"href":"https:\/\/247stiri.ro\/index.php\/wp-json\/wp\/v2\/types\/post"}],"replies":[{"embeddable":true,"href":"https:\/\/247stiri.ro\/index.php\/wp-json\/wp\/v2\/comments?post=43196"}],"version-history":[{"count":0,"href":"https:\/\/247stiri.ro\/index.php\/wp-json\/wp\/v2\/posts\/43196\/revisions"}],"wp:featuredmedia":[{"embeddable":true,"href":"https:\/\/247stiri.ro\/index.php\/wp-json\/wp\/v2\/media\/43191"}],"wp:attachment":[{"href":"https:\/\/247stiri.ro\/index.php\/wp-json\/wp\/v2\/media?parent=43196"}],"wp:term":[{"taxonomy":"category","embeddable":true,"href":"https:\/\/247stiri.ro\/index.php\/wp-json\/wp\/v2\/categories?post=43196"},{"taxonomy":"post_tag","embeddable":true,"href":"https:\/\/247stiri.ro\/index.php\/wp-json\/wp\/v2\/tags?post=43196"}],"curies":[{"name":"wp","href":"https:\/\/api.w.org\/{rel}","templated":true}]}}