{"id":43197,"date":"2025-03-27T20:46:22","date_gmt":"2025-03-27T20:46:22","guid":{"rendered":"https:\/\/247stiri.ro\/index.php\/2025\/03\/27\/ministrul-educatiei-despre-bugetul-pentru-cardurile-educationale-ministrul-fondurilor-europene-discuta-cu-autoritatile-europene\/"},"modified":"2025-03-27T20:46:22","modified_gmt":"2025-03-27T20:46:22","slug":"ministrul-educatiei-despre-bugetul-pentru-cardurile-educationale-ministrul-fondurilor-europene-discuta-cu-autoritatile-europene","status":"publish","type":"post","link":"https:\/\/247stiri.ro\/index.php\/2025\/03\/27\/ministrul-educatiei-despre-bugetul-pentru-cardurile-educationale-ministrul-fondurilor-europene-discuta-cu-autoritatile-europene\/","title":{"rendered":"Ministrul Educa\u021biei, despre bugetul pentru cardurile educa\u0163ionale: Ministrul Fondurilor Europene discut\u0103 cu autorit\u0103\u021bile europene"},"content":{"rendered":"<p>\u201dS-au \u00eenc\u0103rcat cardurile educa\u0163ionale \u00een baza bugetului pe care l-am avut, ministrul Fondurilor Europene este \u00een acest moment, a\u015fa cum \u015ftiu eu, la Comisia European\u0103, discut\u00e2nd \u015fi negociind buget pentru \u0163ar\u0103, inclusiv pentru aceste carduri educa\u0163ionale, pentru c\u0103, conform reglement\u0103rilor, bugetul nu este din zona Ministerului Educa\u0163iei \u015fi Cercet\u0103rii, ci din zona Fondurilor europene\u201d, a afirmat ministrul Daniel David, joi sear\u0103, \u00eentr-o transmisiune pe Facebook.\u00a0<\/p>\n<p>\u00a0Cardurile educa\u0163ionale au o valoare de 500 de lei \u015fi sunt destinate elevilor care provin din familii defavorizate.<\/p>","protected":false},"excerpt":{"rendered":"<p>\u201dS-au \u00eenc\u0103rcat cardurile educa\u0163ionale \u00een baza bugetului pe care l-am avut, ministrul Fondurilor Europene este&hellip;<\/p>\n","protected":false},"author":0,"featured_media":43198,"comment_status":"open","ping_status":"open","sticky":false,"template":"","format":"standard","meta":{"footnotes":""},"categories":[2],"tags":[],"class_list":["post-43197","post","type-post","status-publish","format-standard","has-post-thumbnail","hentry","category-actual"],"_links":{"self":[{"href":"https:\/\/247stiri.ro\/index.php\/wp-json\/wp\/v2\/posts\/43197","targetHints":{"allow":["GET"]}}],"collection":[{"href":"https:\/\/247stiri.ro\/index.php\/wp-json\/wp\/v2\/posts"}],"about":[{"href":"https:\/\/247stiri.ro\/index.php\/wp-json\/wp\/v2\/types\/post"}],"replies":[{"embeddable":true,"href":"https:\/\/247stiri.ro\/index.php\/wp-json\/wp\/v2\/comments?post=43197"}],"version-history":[{"count":0,"href":"https:\/\/247stiri.ro\/index.php\/wp-json\/wp\/v2\/posts\/43197\/revisions"}],"wp:featuredmedia":[{"embeddable":true,"href":"https:\/\/247stiri.ro\/index.php\/wp-json\/wp\/v2\/media\/43198"}],"wp:attachment":[{"href":"https:\/\/247stiri.ro\/index.php\/wp-json\/wp\/v2\/media?parent=43197"}],"wp:term":[{"taxonomy":"category","embeddable":true,"href":"https:\/\/247stiri.ro\/index.php\/wp-json\/wp\/v2\/categories?post=43197"},{"taxonomy":"post_tag","embeddable":true,"href":"https:\/\/247stiri.ro\/index.php\/wp-json\/wp\/v2\/tags?post=43197"}],"curies":[{"name":"wp","href":"https:\/\/api.w.org\/{rel}","templated":true}]}}