{"id":43224,"date":"2025-03-28T05:44:49","date_gmt":"2025-03-28T05:44:49","guid":{"rendered":"https:\/\/247stiri.ro\/index.php\/2025\/03\/28\/doar-cateva-ore-pana-la-sedinta-cruciala-a-csat-subiecte-extrem-de-sensibile-pe-agenda-discutiilor-de-la-palatul-cotroceni\/"},"modified":"2025-03-28T05:44:49","modified_gmt":"2025-03-28T05:44:49","slug":"doar-cateva-ore-pana-la-sedinta-cruciala-a-csat-subiecte-extrem-de-sensibile-pe-agenda-discutiilor-de-la-palatul-cotroceni","status":"publish","type":"post","link":"https:\/\/247stiri.ro\/index.php\/2025\/03\/28\/doar-cateva-ore-pana-la-sedinta-cruciala-a-csat-subiecte-extrem-de-sensibile-pe-agenda-discutiilor-de-la-palatul-cotroceni\/","title":{"rendered":"Doar c\u00e2teva ore p\u00e2n\u0103 la \u0219edin\u021ba crucial\u0103 a CSAT. Subiecte extrem de sensibile, pe agenda discu\u021biilor de la Palatul Cotroceni"},"content":{"rendered":"<p>Au mai r\u0103mas doar c\u00e2teva ore p\u00e2n\u0103 c\u00e2nd pre\u0219edintele interimar Ilie Bolojan se va \u00eent\u00e2lni cu ceilal\u021bi lideri politici \u00een \u0219edin\u021ba CSAT pentru a vorbi despre \u00eenarmarea Rom\u00e2niei.\u00a0<\/p>\n<p>Potrivit informa\u021biilor Realitatea PLUS, membrii CSAT urmeaz\u0103 s\u0103 decid\u0103 \u0219i asupra mut\u0103rii unor fabrici de armament \u0219i muni\u021bie din subordinea Ministerului Economiei la Ministerul Ap\u0103r\u0103rii Na\u021bionale. Vorbim despre un plan care a fost deja stabilit cu MApN \u00eempreun\u0103 cu ceilal\u021bi reprezentan\u021bi ai ministerelor de resort. O decizie \u00een acest sens \u00eenc\u0103 nu a fost luat\u0103.\u00a0<\/p>\n<p>De asemenea, urmeaz\u0103 s\u0103 se discute \u0219i aupra unor pa\u0219i care trebuie f\u0103cu\u021bi \u00een ceea ce prive\u0219te \u00een ceea ce prive\u0219te modernizarea industriei de ap\u0103rare.\u00a0<\/p>\n<p>\u0218edin\u021b\u0103 CSAT are loc la o zi distan\u021b\u0103 dup\u0103 ce Ilie Bolojan s-a \u00eent\u00e2lnit la Paris cu pre\u0219edintele Fran\u021bei Emmanuel Macron.\u00a0Dup\u0103 aceast\u0103 \u00eent\u00e2lnire, pre\u0219edintele interimar a spus c\u0103 Rom\u00e2nia nu va trimite niciun militar rom\u00e2n \u00een Ucraina. \u00cen plus, Bolojan a anun\u021bat c\u0103 \u021bara noastr\u0103 va participa la acel grup de lucru pentru monitorizarea acordului de 30 de zile pentru \u00eencetarea focului la Marea Neagr\u0103.\u00a0<\/p>","protected":false},"excerpt":{"rendered":"<p>Au mai r\u0103mas doar c\u00e2teva ore p\u00e2n\u0103 c\u00e2nd pre\u0219edintele interimar Ilie Bolojan se va \u00eent\u00e2lni&hellip;<\/p>\n","protected":false},"author":0,"featured_media":43225,"comment_status":"open","ping_status":"open","sticky":false,"template":"","format":"standard","meta":{"footnotes":""},"categories":[3],"tags":[],"class_list":["post-43224","post","type-post","status-publish","format-standard","has-post-thumbnail","hentry","category-politica"],"_links":{"self":[{"href":"https:\/\/247stiri.ro\/index.php\/wp-json\/wp\/v2\/posts\/43224","targetHints":{"allow":["GET"]}}],"collection":[{"href":"https:\/\/247stiri.ro\/index.php\/wp-json\/wp\/v2\/posts"}],"about":[{"href":"https:\/\/247stiri.ro\/index.php\/wp-json\/wp\/v2\/types\/post"}],"replies":[{"embeddable":true,"href":"https:\/\/247stiri.ro\/index.php\/wp-json\/wp\/v2\/comments?post=43224"}],"version-history":[{"count":0,"href":"https:\/\/247stiri.ro\/index.php\/wp-json\/wp\/v2\/posts\/43224\/revisions"}],"wp:featuredmedia":[{"embeddable":true,"href":"https:\/\/247stiri.ro\/index.php\/wp-json\/wp\/v2\/media\/43225"}],"wp:attachment":[{"href":"https:\/\/247stiri.ro\/index.php\/wp-json\/wp\/v2\/media?parent=43224"}],"wp:term":[{"taxonomy":"category","embeddable":true,"href":"https:\/\/247stiri.ro\/index.php\/wp-json\/wp\/v2\/categories?post=43224"},{"taxonomy":"post_tag","embeddable":true,"href":"https:\/\/247stiri.ro\/index.php\/wp-json\/wp\/v2\/tags?post=43224"}],"curies":[{"name":"wp","href":"https:\/\/api.w.org\/{rel}","templated":true}]}}