{"id":43238,"date":"2025-03-28T06:44:50","date_gmt":"2025-03-28T06:44:50","guid":{"rendered":"https:\/\/247stiri.ro\/index.php\/2025\/03\/28\/ilie-bolojan-si-marcel-ciolacu-intalnire-de-urgenta-ce-vor-discuta-presedintele-interimar-si-premierul\/"},"modified":"2025-03-28T06:44:50","modified_gmt":"2025-03-28T06:44:50","slug":"ilie-bolojan-si-marcel-ciolacu-intalnire-de-urgenta-ce-vor-discuta-presedintele-interimar-si-premierul","status":"publish","type":"post","link":"https:\/\/247stiri.ro\/index.php\/2025\/03\/28\/ilie-bolojan-si-marcel-ciolacu-intalnire-de-urgenta-ce-vor-discuta-presedintele-interimar-si-premierul\/","title":{"rendered":"Ilie Bolojan \u0219i Marcel Ciolacu, \u00eent\u00e2lnire de urgen\u021b\u0103: ce vor discuta pre\u0219edintele interimar \u0219i premierul"},"content":{"rendered":"<p>Ast\u0103zi, Ilie Bolojan se va \u00eent\u00e2lni cu Marcel Ciolacu. \u00centrevederea va avea loc \u00een orele urm\u0103toare, \u00een Prahova. Cei doi vor vorbi la aceast\u0103 \u00eent\u00e2lnire despre situa\u021bia ministrului de Externe Emil Hurezeanu \u0219i despre propunerea unui nou emisar special, responsabil de rela\u021bia cu SUA.\u00a0<\/p>\n<p>Potrivit unor surse citate de Realitatea PLUS, liderii politici trebuie s\u0103 vin\u0103 ast\u0103zi cu o decizie final\u0103. Acelea\u0219i surse dau de \u00een\u021beles c\u0103 Emil Hurezeanu ar putea s\u0103-\u0219i p\u0103streze func\u021bia, \u00eens\u0103 s\u0103 se ocupe doar de rela\u021bia cu Europa.\u00a0<\/p>\n<p>\u00cen rela\u021bia cu administra\u021bia Trump ar putea fi desemnat un emisar cu domiciliul \u00een Statele Unite ale Americii \u0219i cu rela\u021bii bune cu actualul pre\u0219edinte american.\u00a0<\/p>\n<p>Acelea\u0219i surse politice confirm\u0103 faptul c\u0103 dup\u0103 aceast\u0103 \u00eent\u00e2lnire, Bolojan \u0219i Ciolacu vor merge direct la \u0219edin\u021ba CSAT, unde se vor discuta \u0219i subiecte de politic\u0103 extern\u0103.\u00a0<\/p>","protected":false},"excerpt":{"rendered":"<p>Ast\u0103zi, Ilie Bolojan se va \u00eent\u00e2lni cu Marcel Ciolacu. \u00centrevederea va avea loc \u00een orele&hellip;<\/p>\n","protected":false},"author":0,"featured_media":43239,"comment_status":"open","ping_status":"open","sticky":false,"template":"","format":"standard","meta":{"footnotes":""},"categories":[3],"tags":[],"class_list":["post-43238","post","type-post","status-publish","format-standard","has-post-thumbnail","hentry","category-politica"],"_links":{"self":[{"href":"https:\/\/247stiri.ro\/index.php\/wp-json\/wp\/v2\/posts\/43238","targetHints":{"allow":["GET"]}}],"collection":[{"href":"https:\/\/247stiri.ro\/index.php\/wp-json\/wp\/v2\/posts"}],"about":[{"href":"https:\/\/247stiri.ro\/index.php\/wp-json\/wp\/v2\/types\/post"}],"replies":[{"embeddable":true,"href":"https:\/\/247stiri.ro\/index.php\/wp-json\/wp\/v2\/comments?post=43238"}],"version-history":[{"count":0,"href":"https:\/\/247stiri.ro\/index.php\/wp-json\/wp\/v2\/posts\/43238\/revisions"}],"wp:featuredmedia":[{"embeddable":true,"href":"https:\/\/247stiri.ro\/index.php\/wp-json\/wp\/v2\/media\/43239"}],"wp:attachment":[{"href":"https:\/\/247stiri.ro\/index.php\/wp-json\/wp\/v2\/media?parent=43238"}],"wp:term":[{"taxonomy":"category","embeddable":true,"href":"https:\/\/247stiri.ro\/index.php\/wp-json\/wp\/v2\/categories?post=43238"},{"taxonomy":"post_tag","embeddable":true,"href":"https:\/\/247stiri.ro\/index.php\/wp-json\/wp\/v2\/tags?post=43238"}],"curies":[{"name":"wp","href":"https:\/\/api.w.org\/{rel}","templated":true}]}}