{"id":43242,"date":"2025-03-28T06:44:52","date_gmt":"2025-03-28T06:44:52","guid":{"rendered":"https:\/\/247stiri.ro\/index.php\/2025\/03\/28\/comisia-europeana-a-taiat-fondurile-pnrr-pentru-romania-din-cauza-pensiilor-speciale-ce-suma-pierde-tara-noastra\/"},"modified":"2025-03-28T06:44:52","modified_gmt":"2025-03-28T06:44:52","slug":"comisia-europeana-a-taiat-fondurile-pnrr-pentru-romania-din-cauza-pensiilor-speciale-ce-suma-pierde-tara-noastra","status":"publish","type":"post","link":"https:\/\/247stiri.ro\/index.php\/2025\/03\/28\/comisia-europeana-a-taiat-fondurile-pnrr-pentru-romania-din-cauza-pensiilor-speciale-ce-suma-pierde-tara-noastra\/","title":{"rendered":"Comisia European\u0103 a t\u0103iat fondurile PNRR pentru Rom\u00e2nia din cauza pensiilor speciale: ce sum\u0103 pierde \u021bara noastr\u0103"},"content":{"rendered":"<p>Decizia de la v\u00e2rful UE arat\u0103 c\u0103 Rom\u00e2nia a ratat reforma pensiilor speciale. Mai exact, liderii europeni au constatat c\u0103 politicienii nu au redus cheltuielile inutile.<\/p>\n<p>De altfel, \u021bara noastr\u0103 a avut termen o lun\u0103 pentru a propune solu\u021bii care s\u0103 deblocheze fondurile europene de dou\u0103 milioane de euro, \u00eens\u0103, \u00een zadar.<\/p>\n<p>Mai mult, pensiile speciale ale magistra\u021bilor CCR au fost majorate cu o mie de lei, \u00een contextul \u00een care, Marian Enache, principalul vinovat de anularea alegerilor preziden\u021biale, \u00eencaseaz\u0103 64.000 lei pe lun\u0103.\u00a0<\/p>","protected":false},"excerpt":{"rendered":"<p>Decizia de la v\u00e2rful UE arat\u0103 c\u0103 Rom\u00e2nia a ratat reforma pensiilor speciale. Mai exact,&hellip;<\/p>\n","protected":false},"author":0,"featured_media":43233,"comment_status":"open","ping_status":"open","sticky":false,"template":"","format":"standard","meta":{"footnotes":""},"categories":[2],"tags":[],"class_list":["post-43242","post","type-post","status-publish","format-standard","has-post-thumbnail","hentry","category-actual"],"_links":{"self":[{"href":"https:\/\/247stiri.ro\/index.php\/wp-json\/wp\/v2\/posts\/43242","targetHints":{"allow":["GET"]}}],"collection":[{"href":"https:\/\/247stiri.ro\/index.php\/wp-json\/wp\/v2\/posts"}],"about":[{"href":"https:\/\/247stiri.ro\/index.php\/wp-json\/wp\/v2\/types\/post"}],"replies":[{"embeddable":true,"href":"https:\/\/247stiri.ro\/index.php\/wp-json\/wp\/v2\/comments?post=43242"}],"version-history":[{"count":0,"href":"https:\/\/247stiri.ro\/index.php\/wp-json\/wp\/v2\/posts\/43242\/revisions"}],"wp:featuredmedia":[{"embeddable":true,"href":"https:\/\/247stiri.ro\/index.php\/wp-json\/wp\/v2\/media\/43233"}],"wp:attachment":[{"href":"https:\/\/247stiri.ro\/index.php\/wp-json\/wp\/v2\/media?parent=43242"}],"wp:term":[{"taxonomy":"category","embeddable":true,"href":"https:\/\/247stiri.ro\/index.php\/wp-json\/wp\/v2\/categories?post=43242"},{"taxonomy":"post_tag","embeddable":true,"href":"https:\/\/247stiri.ro\/index.php\/wp-json\/wp\/v2\/tags?post=43242"}],"curies":[{"name":"wp","href":"https:\/\/api.w.org\/{rel}","templated":true}]}}