{"id":43247,"date":"2025-03-28T07:45:03","date_gmt":"2025-03-28T07:45:03","guid":{"rendered":"https:\/\/247stiri.ro\/index.php\/2025\/03\/28\/razboi-in-ucraina-ziua-1129-putin-sugereaza-o-administratie-temporara-pentru-ucraina-pentru-a-pune-capat-razboiului-live-text\/"},"modified":"2025-03-28T07:45:03","modified_gmt":"2025-03-28T07:45:03","slug":"razboi-in-ucraina-ziua-1129-putin-sugereaza-o-administratie-temporara-pentru-ucraina-pentru-a-pune-capat-razboiului-live-text","status":"publish","type":"post","link":"https:\/\/247stiri.ro\/index.php\/2025\/03\/28\/razboi-in-ucraina-ziua-1129-putin-sugereaza-o-administratie-temporara-pentru-ucraina-pentru-a-pune-capat-razboiului-live-text\/","title":{"rendered":"R\u0103zboi \u00een Ucraina, ziua 1129. Putin sugereaz\u0103 o administra\u0163ie temporar\u0103 pentru Ucraina pentru a pune cap\u0103t r\u0103zboiului &#8211; LIVE TEXT"},"content":{"rendered":"<p>Afirma\u0163iile lui Putin, f\u0103cute \u00een timpul unei vizite \u00een portul Murmansk, din nord, vin \u00een contextul \u00eencerc\u0103rilor SUA de a ob\u0163ine o \u00een\u0163elegere \u00een cadrul conflictului pruin reluarea leg\u0103turilor cu Rusia \u015fi angajarea de negocieri separate cu Moscova \u015fi Kievul. Liderul de la Kremlin a afirmat c\u0103 el crede c\u0103 pre\u015fedintele SUA Donald Trump vrea cu adev\u0103rat pacea.<\/p>\n<p>Invadarea Ucrainei de c\u0103tre Rusia, \u00een februarie 2022, a provocat mii de mor\u0163i \u015fi r\u0103ni\u0163i, a dus la str\u0103mutarea a milioane de oameni, a transformat ora\u015fe \u00een ruine \u015fi a declan\u015fat cea mai dur\u0103 confruntare \u00eentre Moscova \u015fi Occident \u00een ultimii zeci de ani.<\/p>\n<p>Sugestia lui Putin privind o administra\u0163ie temporar\u0103 pare s\u0103 abordeze reclama\u0163ia sa mai veche conform c\u0103reia autorit\u0103\u0163ile din Ucraina nu sunt un partener de negociere legitim, \u00eentruc\u00e2t pre\u015fedintele Volodimir Zelenski a r\u0103mas la putere dup\u0103 finalul mandatului s\u0103u, \u00een mai 2024.<\/p>\n<p>\u201d\u00cen principiu, desigur, o administra\u0163ie temporar\u0103 ar putea fi introdus\u0103 \u00een Ucraina sub auspiciile ONU, SUA, ale \u0163\u0103rilor europene \u015fi partenerilor no\u015ftri\u201d, a fost citat Putin ca spun\u00e2nd \u00een discu\u0163iile cu marinarii din port.<\/p>\n<p>\u201dAcest lucru ar avea loc pentru a fi organizate alegeri democratice \u015fi a aduce la putere o guvernare capabil\u0103, care s\u0103 se bucure de \u00eencrederea popula\u0163iei \u015fi apoi s\u0103 \u00eencepem discu\u0163iile cu ei despre un tratat de pace\u201d, a sus\u0163inut el.<\/p>\n<p>El a afirmat c\u0103 \u00eencerc\u0103rile lui Trump de a deschide discu\u0163ii directe cu Rusia \u2013 spre deosebire de predecesorul s\u0103u, Joe Biden, care a evitat contactele \u2013 arat\u0103 c\u0103 noul pre\u015fedinte vrea pace.<\/p>\n<p>\u201dDup\u0103 p\u0103rerea mea, pre\u015fedintele nou ales al Statelor Unite vrea cu sinceritate un sf\u00e2r\u015fit al conflictului pentru mai multe motive\u201d, l-au citat agen\u0163iile.<\/p>\n<p>Un purt\u0103tor de cuv\u00e2nt al Consiliului de Securitate Na\u0163ional\u0103 de la Casa Alb\u0103 a afirmat, \u00eentrebat despre declara\u0163iile lui Putin privind administra\u0163ia temporar\u0103, c\u0103 guvernarea Ucrainei este stabilit\u0103 de Constitu\u0163ia acesteia \u015fi de poporul \u0163\u0103rii.<\/p>\n<p>Ucraina nu a comentat deocamdat\u0103 declara\u0163iile.<\/p>\n<p>Liderii europeni au insistat cu \u00eencerc\u0103rile proprii, promi\u0163\u00e2nd, joi, dup\u0103 o \u00eent\u00e2lnire la Paris, s\u0103 \u00eent\u0103reasc\u0103 armata Kievului pentru a se asigura c\u0103 este piatra de temelie a securit\u0103\u0163ii viitoare din Ucraina.<\/p>\n<p>Fran\u0163a \u015fi Marea Britanie au \u00eencercat s\u0103 extind\u0103 sprijinul pentru o \u201dfor\u0163\u0103 de reasigurare\u201d str\u0103in\u0103 \u00een eventualitatea unui armisti\u0163iu cu Rusia, de\u015fi Moscova respinge orice prezen\u0163\u0103 a trupelor str\u0103ine \u00een Ucraina.<\/p>","protected":false},"excerpt":{"rendered":"<p>Afirma\u0163iile lui Putin, f\u0103cute \u00een timpul unei vizite \u00een portul Murmansk, din nord, vin \u00een&hellip;<\/p>\n","protected":false},"author":0,"featured_media":43248,"comment_status":"open","ping_status":"open","sticky":false,"template":"","format":"standard","meta":{"footnotes":""},"categories":[4],"tags":[],"class_list":["post-43247","post","type-post","status-publish","format-standard","has-post-thumbnail","hentry","category-extern"],"_links":{"self":[{"href":"https:\/\/247stiri.ro\/index.php\/wp-json\/wp\/v2\/posts\/43247","targetHints":{"allow":["GET"]}}],"collection":[{"href":"https:\/\/247stiri.ro\/index.php\/wp-json\/wp\/v2\/posts"}],"about":[{"href":"https:\/\/247stiri.ro\/index.php\/wp-json\/wp\/v2\/types\/post"}],"replies":[{"embeddable":true,"href":"https:\/\/247stiri.ro\/index.php\/wp-json\/wp\/v2\/comments?post=43247"}],"version-history":[{"count":0,"href":"https:\/\/247stiri.ro\/index.php\/wp-json\/wp\/v2\/posts\/43247\/revisions"}],"wp:featuredmedia":[{"embeddable":true,"href":"https:\/\/247stiri.ro\/index.php\/wp-json\/wp\/v2\/media\/43248"}],"wp:attachment":[{"href":"https:\/\/247stiri.ro\/index.php\/wp-json\/wp\/v2\/media?parent=43247"}],"wp:term":[{"taxonomy":"category","embeddable":true,"href":"https:\/\/247stiri.ro\/index.php\/wp-json\/wp\/v2\/categories?post=43247"},{"taxonomy":"post_tag","embeddable":true,"href":"https:\/\/247stiri.ro\/index.php\/wp-json\/wp\/v2\/tags?post=43247"}],"curies":[{"name":"wp","href":"https:\/\/api.w.org\/{rel}","templated":true}]}}