{"id":43255,"date":"2025-03-28T07:45:06","date_gmt":"2025-03-28T07:45:06","guid":{"rendered":"https:\/\/247stiri.ro\/index.php\/2025\/03\/28\/sefa-rezistilor-continua-sa-se-faca-de-ras-ce-ar-raspunde-lasconi-daca-ar-fi-presedintele-romaniei-si-ar-suna-o-trump-sau-macron\/"},"modified":"2025-03-28T07:45:06","modified_gmt":"2025-03-28T07:45:06","slug":"sefa-rezistilor-continua-sa-se-faca-de-ras-ce-ar-raspunde-lasconi-daca-ar-fi-presedintele-romaniei-si-ar-suna-o-trump-sau-macron","status":"publish","type":"post","link":"https:\/\/247stiri.ro\/index.php\/2025\/03\/28\/sefa-rezistilor-continua-sa-se-faca-de-ras-ce-ar-raspunde-lasconi-daca-ar-fi-presedintele-romaniei-si-ar-suna-o-trump-sau-macron\/","title":{"rendered":"\u0218efa rezi\u0219tilor continu\u0103 s\u0103 se fac\u0103 de r\u00e2s. Ce ar r\u0103spunde Lasconi dac\u0103 ar fi pre\u0219edintele Rom\u00e2niei \u0219i ar suna-o Trump sau Macron"},"content":{"rendered":"<p>&#8222;Macron nu o s\u0103 m\u0103 sune s\u0103 m\u0103 roage asta. Dar m-a\u0219 a\u0219tepta din partea domnului Trump s\u0103 m\u0103 sune. Dar domnul Macron nu cred c\u0103 o va face. Eu \u00eentotdeauna voi lua deciziile care sunt bune pentru Rom\u00e2nia. \u00cen niciun caz nu voi fi p\u0103pu\u0219a vreunui lider, indiferent c\u00e2t de musculos ar fi.\u00a0<\/p>\n<p>Eu cred c\u0103 Rom\u00e2nia are nevoie de un lider puternic, de un lider cu coloan\u0103 vertebral\u0103. E important caracterul pe care-l are viitorul pre\u0219edinte, buna-credin\u021b\u0103 \u0219i dac\u0103 va fi s\u0103 nu-i intimidabil de c\u0103tre cineva. Eu nu sunt. Eu am curaj s\u0103 zic verde \u00een fa\u021b\u0103 exact ce simt \u0219i nu voi fi &#8211; cum se zice \u00een popor &#8211; o c\u00e2rp\u0103&#8221;, a declarat Lasconi la un post de radio.\u00a0<\/p>","protected":false},"excerpt":{"rendered":"<p>&#8222;Macron nu o s\u0103 m\u0103 sune s\u0103 m\u0103 roage asta. Dar m-a\u0219 a\u0219tepta din partea&hellip;<\/p>\n","protected":false},"author":0,"featured_media":43256,"comment_status":"open","ping_status":"open","sticky":false,"template":"","format":"standard","meta":{"footnotes":""},"categories":[3],"tags":[],"class_list":["post-43255","post","type-post","status-publish","format-standard","has-post-thumbnail","hentry","category-politica"],"_links":{"self":[{"href":"https:\/\/247stiri.ro\/index.php\/wp-json\/wp\/v2\/posts\/43255","targetHints":{"allow":["GET"]}}],"collection":[{"href":"https:\/\/247stiri.ro\/index.php\/wp-json\/wp\/v2\/posts"}],"about":[{"href":"https:\/\/247stiri.ro\/index.php\/wp-json\/wp\/v2\/types\/post"}],"replies":[{"embeddable":true,"href":"https:\/\/247stiri.ro\/index.php\/wp-json\/wp\/v2\/comments?post=43255"}],"version-history":[{"count":0,"href":"https:\/\/247stiri.ro\/index.php\/wp-json\/wp\/v2\/posts\/43255\/revisions"}],"wp:featuredmedia":[{"embeddable":true,"href":"https:\/\/247stiri.ro\/index.php\/wp-json\/wp\/v2\/media\/43256"}],"wp:attachment":[{"href":"https:\/\/247stiri.ro\/index.php\/wp-json\/wp\/v2\/media?parent=43255"}],"wp:term":[{"taxonomy":"category","embeddable":true,"href":"https:\/\/247stiri.ro\/index.php\/wp-json\/wp\/v2\/categories?post=43255"},{"taxonomy":"post_tag","embeddable":true,"href":"https:\/\/247stiri.ro\/index.php\/wp-json\/wp\/v2\/tags?post=43255"}],"curies":[{"name":"wp","href":"https:\/\/api.w.org\/{rel}","templated":true}]}}