{"id":43260,"date":"2025-03-28T07:45:09","date_gmt":"2025-03-28T07:45:09","guid":{"rendered":"https:\/\/247stiri.ro\/index.php\/2025\/03\/28\/dosarul-anularii-alegerilor-cand-ar-putea-fi-audiati-iohannis-si-judecatorii-ccr\/"},"modified":"2025-03-28T07:45:09","modified_gmt":"2025-03-28T07:45:09","slug":"dosarul-anularii-alegerilor-cand-ar-putea-fi-audiati-iohannis-si-judecatorii-ccr","status":"publish","type":"post","link":"https:\/\/247stiri.ro\/index.php\/2025\/03\/28\/dosarul-anularii-alegerilor-cand-ar-putea-fi-audiati-iohannis-si-judecatorii-ccr\/","title":{"rendered":"Dosarul ANUL\u0102RII ALEGERILOR. C\u00e2nd ar putea fi AUDIA\u021aI Iohannis \u0219i judec\u0103torii CCR"},"content":{"rendered":"<p>Este o anchet\u0103 de propor\u021bii dup\u0103 ce la Parchetul General a fost depus\u0103 o pl\u00e2ngere \u00een acest sens. Ne a\u0219tept\u0103m, astfel, ca \u00een perioada urm\u0103toare s\u0103 aib\u0103 loc mai multe audieri pentru a vedea cine se face responsabil de aceast\u0103 decizie \u0219i, foarte important, cine a stat \u00een spatele ei.\u00a0<\/p>\n<p>Nu este ca \u00een fa\u021ba procurorilor de la Parchetul General s\u0103 ajung\u0103 \u0219i fostul pre\u0219edinte Klaus Iohannis \u0219i judec\u0103torii CCR care au dispus anularea alegerilor preziden\u021biale.\u00a0<\/p>\n<p>P\u00e2n\u0103 \u00een aceste momente, exist\u0103 \u00een continuare foarte multe controverse legate de acest aspect. Oamenii au ie\u0219it \u00een strad\u0103 timpd e mai bine de 4 luni \u0219i spun c\u0103 vinovat de toat\u0103 aceast\u0103 situa\u021bie se face fostul pre\u0219edinte Klaus Iohannis pentru c\u0103 acesta a desecretizat \u00een luna decembrie acele documente care au stat la baza deciziei de anulare a preziden\u021bialelor.\u00a0<\/p>\n<p>Controversele sunt legate de faoptul c\u0103 \u00een tot acest timp nu au fost prezentate probele concrete care au stat la baza acestei decizii. Acest lucru este sus\u021binut at\u00e2t de oameni, c\u00e2t \u0219i de judec\u0103torii europeni care spun c\u0103 decizia nu a fost una transparent\u0103 \u0219i, mai mult dec\u00e2t at\u00e2t, c\u0103 nu au fost prezentate probe solide.\u00a0<\/p>\n<p>C\u00e2t prive\u0219te pl\u00e2ngerea la Parchet, aceasta a fost depus\u0103 dup\u0103 ce premierul Marcel Ciolacu a spus c\u0103 s-a \u00eencercat o anulare a scrutinului dup\u0103 renum\u0103rarea voturilor. Ciolacu a sus\u021binut, totodat\u0103, c\u0103 cel care trebuie s\u0103 dea un r\u0103spuns \u00een acest caz este Klaus Iohannis pentru c\u0103 el a avut toate informa\u021biile legate de acest aspect.<\/p>\n<p>Decizia, reamintim, a fost luat\u0103 chiar \u00een timpul celui de-al doilea tur de scrutin, c\u00e2nd oamenii s-au mobilizat \u0219i au ie\u0219it \u00eentr-un num\u0103r record la vot.\u00a0<\/p>","protected":false},"excerpt":{"rendered":"<p>Este o anchet\u0103 de propor\u021bii dup\u0103 ce la Parchetul General a fost depus\u0103 o pl\u00e2ngere&hellip;<\/p>\n","protected":false},"author":0,"featured_media":43250,"comment_status":"open","ping_status":"open","sticky":false,"template":"","format":"standard","meta":{"footnotes":""},"categories":[2],"tags":[],"class_list":["post-43260","post","type-post","status-publish","format-standard","has-post-thumbnail","hentry","category-actual"],"_links":{"self":[{"href":"https:\/\/247stiri.ro\/index.php\/wp-json\/wp\/v2\/posts\/43260","targetHints":{"allow":["GET"]}}],"collection":[{"href":"https:\/\/247stiri.ro\/index.php\/wp-json\/wp\/v2\/posts"}],"about":[{"href":"https:\/\/247stiri.ro\/index.php\/wp-json\/wp\/v2\/types\/post"}],"replies":[{"embeddable":true,"href":"https:\/\/247stiri.ro\/index.php\/wp-json\/wp\/v2\/comments?post=43260"}],"version-history":[{"count":0,"href":"https:\/\/247stiri.ro\/index.php\/wp-json\/wp\/v2\/posts\/43260\/revisions"}],"wp:featuredmedia":[{"embeddable":true,"href":"https:\/\/247stiri.ro\/index.php\/wp-json\/wp\/v2\/media\/43250"}],"wp:attachment":[{"href":"https:\/\/247stiri.ro\/index.php\/wp-json\/wp\/v2\/media?parent=43260"}],"wp:term":[{"taxonomy":"category","embeddable":true,"href":"https:\/\/247stiri.ro\/index.php\/wp-json\/wp\/v2\/categories?post=43260"},{"taxonomy":"post_tag","embeddable":true,"href":"https:\/\/247stiri.ro\/index.php\/wp-json\/wp\/v2\/tags?post=43260"}],"curies":[{"name":"wp","href":"https:\/\/api.w.org\/{rel}","templated":true}]}}