{"id":43267,"date":"2025-03-28T07:45:11","date_gmt":"2025-03-28T07:45:11","guid":{"rendered":"https:\/\/247stiri.ro\/index.php\/2025\/03\/28\/noi-proteste-fata-de-anularea-alegerilor-diaspora-se-mobilizeaza-si-merge-in-fata-parlamentului-european\/"},"modified":"2025-03-28T07:45:11","modified_gmt":"2025-03-28T07:45:11","slug":"noi-proteste-fata-de-anularea-alegerilor-diaspora-se-mobilizeaza-si-merge-in-fata-parlamentului-european","status":"publish","type":"post","link":"https:\/\/247stiri.ro\/index.php\/2025\/03\/28\/noi-proteste-fata-de-anularea-alegerilor-diaspora-se-mobilizeaza-si-merge-in-fata-parlamentului-european\/","title":{"rendered":"Noi proteste fa\u021b\u0103 de anularea alegerilor. Diaspora se mobilizeaz\u0103 \u0219i merge \u00een fa\u021ba Parlamentului European"},"content":{"rendered":"<p>Rom\u00e2nii din diaspora se mobilizeaz\u0103 \u0219i \u00een acest weekend vor merge \u00een fa\u021ba Parlamentului European (PE), unde vor cere\u00a0 dreptul la un vot democratic pentru Rom\u00e2nia.\u00a0<\/p>\n<p><a href=\"https:\/\/www.realitatea.net\/stiri\/actual\/acuzatiisoc-protestatarii-spun-ca-politistii-blocheaza-autocarele-cu-oamenii-care-vor-sa-vina-la-manifestatia-din-capitala_67e3d5afc4adc25df1270702\" target=\"_blank\">Protestul <\/a>va \u00eencepe s\u00e2mb\u0103t\u0103 la ora 12:00, iar oamenii \u00ee\u0219i vor striga nemul\u021biumirile \u00een fa\u021ba PE p\u00e2n\u0103 la ora 15:00.<\/p>\n<p>Aceast\u0103 ac\u021biune este organizat\u0103 de rom\u00e2nii din Belgia, f\u0103r\u0103 orice fel de leg\u0103tur\u0103 cu vreun partid politic.\u00a0<\/p>\n<p>Oamenii spun c\u0103 \u00ee\u0219i doresc un vot democratic, o Rom\u00e2nie democrat\u0103. Mai mult, ace\u0219tia au f\u0103cut \u0219i dou\u0103 scrisori pe care afirm\u0103 c\u0103 le vor adresa institu\u021biilor cheie din Uniunea European\u0103.<\/p>","protected":false},"excerpt":{"rendered":"<p>Rom\u00e2nii din diaspora se mobilizeaz\u0103 \u0219i \u00een acest weekend vor merge \u00een fa\u021ba Parlamentului European&hellip;<\/p>\n","protected":false},"author":0,"featured_media":43246,"comment_status":"open","ping_status":"open","sticky":false,"template":"","format":"standard","meta":{"footnotes":""},"categories":[2],"tags":[],"class_list":["post-43267","post","type-post","status-publish","format-standard","has-post-thumbnail","hentry","category-actual"],"_links":{"self":[{"href":"https:\/\/247stiri.ro\/index.php\/wp-json\/wp\/v2\/posts\/43267","targetHints":{"allow":["GET"]}}],"collection":[{"href":"https:\/\/247stiri.ro\/index.php\/wp-json\/wp\/v2\/posts"}],"about":[{"href":"https:\/\/247stiri.ro\/index.php\/wp-json\/wp\/v2\/types\/post"}],"replies":[{"embeddable":true,"href":"https:\/\/247stiri.ro\/index.php\/wp-json\/wp\/v2\/comments?post=43267"}],"version-history":[{"count":0,"href":"https:\/\/247stiri.ro\/index.php\/wp-json\/wp\/v2\/posts\/43267\/revisions"}],"wp:featuredmedia":[{"embeddable":true,"href":"https:\/\/247stiri.ro\/index.php\/wp-json\/wp\/v2\/media\/43246"}],"wp:attachment":[{"href":"https:\/\/247stiri.ro\/index.php\/wp-json\/wp\/v2\/media?parent=43267"}],"wp:term":[{"taxonomy":"category","embeddable":true,"href":"https:\/\/247stiri.ro\/index.php\/wp-json\/wp\/v2\/categories?post=43267"},{"taxonomy":"post_tag","embeddable":true,"href":"https:\/\/247stiri.ro\/index.php\/wp-json\/wp\/v2\/tags?post=43267"}],"curies":[{"name":"wp","href":"https:\/\/api.w.org\/{rel}","templated":true}]}}