{"id":43268,"date":"2025-03-28T07:45:12","date_gmt":"2025-03-28T07:45:12","guid":{"rendered":"https:\/\/247stiri.ro\/index.php\/2025\/03\/28\/vacanta-de-paste-2025-cand-incepe-cate-zile-libere-vor-avea-elevii-si-cand-vor-fi-reluate-cursurile\/"},"modified":"2025-03-28T07:45:12","modified_gmt":"2025-03-28T07:45:12","slug":"vacanta-de-paste-2025-cand-incepe-cate-zile-libere-vor-avea-elevii-si-cand-vor-fi-reluate-cursurile","status":"publish","type":"post","link":"https:\/\/247stiri.ro\/index.php\/2025\/03\/28\/vacanta-de-paste-2025-cand-incepe-cate-zile-libere-vor-avea-elevii-si-cand-vor-fi-reluate-cursurile\/","title":{"rendered":"Vacan\u021ba de Pa\u0219te 2025: C\u00e2nd \u00eencepe, c\u00e2te zile libere vor avea elevii \u0219i c\u00e2nd vor fi reluate cursurile"},"content":{"rendered":"<p>Vacan\u021ba de Pa\u0219te 2025. Calendar<\/p>\n<p>A patra vacan\u021b\u0103 din anul \u0219colar \u00een curs este vacan\u021ba de prim\u0103var\u0103 sau vacan\u021ba de Pa\u0219te 2025. Anul acesta, elevii intr\u0103 \u00een libere \u00eencep\u00e2nd cu ziua de vineri, 18 aprilie, \u0219i p\u00e2n\u0103 duminic\u0103, 27 aprilie. Luni, 28 aprilie, \u00eencepe ultimul modul de cursuri, care dureaz\u0103 p\u00e2n\u0103 vineri, 20 iunie 2025.\u00a0Dup\u0103 finalizarea acestui ultim modul de curs, \u00eencepe vacan\u021ba de var\u0103, care se va \u00eencheia pe 8 septembrie.<\/p>\n<p>C\u00e2nd pic\u0103 Pa\u0219tele \u00een 2025<\/p>\n<p>\u00cen 2025, s\u0103rb\u0103toarea Pa\u0219telui Ortodox \u0219i cea a Pa\u0219telui Catolic vor avea loc \u00een aceea\u0219i zi, pe 20 aprilie. Aceast\u0103 suprapunere nu este foarte frecvent\u0103, av\u00e2nd \u00een vedere c\u0103 cele dou\u0103 Biserici \u2013 Ortodox\u0103 \u0219i Catolic\u0103 \u2013 calculeaz\u0103 data Pa\u0219telui pe baza unor principii diferite.<\/p>\n<p>Data Pa\u0219telui este determinat\u0103 conform principiului stabilit la Sinodul de la Niceea din anul 325, care stipuleaz\u0103 c\u0103 \u00cenvierea Domnului trebuie celebrat\u0103 \u00een prima duminic\u0103 de dup\u0103 prima lun\u0103 plin\u0103 de dup\u0103 echinoc\u021biul de prim\u0103var\u0103. Totu\u0219i, exist\u0103 o diferen\u021b\u0103 fundamental\u0103 \u00eentre cele dou\u0103 calendare utilizate de Bisericile cre\u0219tine. Biserica Ortodox\u0103 folose\u0219te calendarul iulian pentru stabilirea datei Pa\u0219telui, \u00een timp ce Biserica Catolic\u0103 \u0219i cele protestante utilizeaz\u0103 calendarul gregorian.<\/p>\n<p>Calendarul anului \u0219colar 2025-2026\u00a0<\/p>\n<p>Ministerul Educa\u021biei \u0219i Cercet\u0103rii a publicat proiectul de ordin privind structura anului \u0219colar 2025-2026. \u00cen forma actual\u0103, proiectul prevede 36 de s\u0103pt\u0103m\u00e2ni de curs pentru majoritatea elevilor, organizate \u00een cinci\u00a0module de \u00eenv\u0103\u021bare\u00a0\u0219i tot at\u00e2tea vacan\u021be.\u00a0<\/p>\n<p>Cum sunt programate cursurile \u00een anul \u0219colar 2025-2026De luni, 8 septembrie &#8211; p\u00e2n\u0103 vineri, 24 noiembrie 2025;\u00a0De luni, 3 noiembrie &#8211; p\u00e2n\u0103 vineri, 19 decembrie 2025;\u00a0De joi, 8 ianuarie 2026 &#8211; p\u00e2n\u0103 vineri, 6 februarie 2026, respectiv vineri, 13 februarie 2026 sau vineri, 20 februarie 2026, dup\u0103 caz, la decizia inspectoratelor \u015fcolare jude\u0163ene\/al municipiului Bucure\u015fti, \u00een urma consult\u0103rilor cu elevii, cu p\u0103rin\u0163ii\/reprezentan\u0163ii legali ai acestora \u015fi cu cadrele didactice, realizate la nivelul unit\u0103\u0163ilor de \u00eenv\u0103\u0163\u0103m\u00e2nt;\u00a0De luni, 16 februarie 2026, respectiv luni, 23 februarie 2026 sau luni, 2 martie 2026, la decizia inspectoratelor \u0219colare jude\u021bene\/al municipiului Bucure\u0219ti, dup\u0103 caz, p\u00e2n\u0103 vineri, 3 aprilie 2026;\u00a0De miercuri, 15 aprilie 2026 &#8211; p\u00e2n\u0103 vineri 19 iunie 2026.\u00a0C\u00e2nd se \u00eencheie anul \u0219colar 2025-2026 pentru elevii din anii terminali<\/p>\n<p>Elevii afla\u021bi \u00een ani terminali, care au de sus\u021binut Evaluarea Na\u021bional\u0103, respectiv examenul de Bacalaureat 2026, vor \u00eencheia anul \u0219colar mai devreme.\u00a0<\/p>\n<p>Pentru clasele a XII-a zi, a XIII-a seral \u015fi frecven\u0163\u0103 redus\u0103,\u00a0 anul \u015fcolar are o durat\u0103 de 34 de s\u0103pt\u0103m\u00e2ni de cursuri \u015fi se \u00eencheie la data de 5 iunie 2026.Pentru clasa a VIII-a, anul \u015fcolar are o durat\u0103 de 35 de s\u0103pt\u0103m\u00e2ni de cursuri \u015fi se \u00eencheie la data de 12 iunie 2026.\u00a0Pentru clasele din\u00a0\u00eenv\u0103\u0163\u0103m\u00e2ntul liceal,\u00a0filiera tehnologic\u0103 \u015fi pentru clasele din \u00eenv\u0103\u0163\u0103m\u00e2ntul profesional, anul \u015fcolar are o durat\u0103 de 37 de s\u0103pt\u0103m\u00e2ni de cursuri \u015fi se \u00eencheie la data de 26 iunie 2026.Pentru clasele din \u00eenv\u0103\u0163\u0103m\u00e2ntul postliceal &#8211; durata cursurilor este cea stabilit\u0103 prin planurile-cadru de \u00eenv\u0103\u0163\u0103m\u00e2nt \u00een vigoare.\u00a0Ce vacan\u021be au elevii \u00een anul \u0219colar 2025-2026<\/p>\n<p>Cele cinci perioade de vacan\u021be sunt structurate astfel:\u00a0<\/p>\n<p>25 octombrie &#8211; 2 noiembrie 2025;\u00a020 decembrie 2025 &#8211; 7 ianuarie 2026;\u00a0O s\u0103pt\u0103m\u00e2n\u0103 \u00een februarie, la decizia inspectoratelor \u0219colare;4 &#8211; 14 aprilie 2026;\u00a020 iunie &#8211; 6 septembrie 2026.\u00a0\u00a0<\/p>","protected":false},"excerpt":{"rendered":"<p>Vacan\u021ba de Pa\u0219te 2025. Calendar A patra vacan\u021b\u0103 din anul \u0219colar \u00een curs este vacan\u021ba&hellip;<\/p>\n","protected":false},"author":0,"featured_media":43269,"comment_status":"open","ping_status":"open","sticky":false,"template":"","format":"standard","meta":{"footnotes":""},"categories":[2],"tags":[],"class_list":["post-43268","post","type-post","status-publish","format-standard","has-post-thumbnail","hentry","category-actual"],"_links":{"self":[{"href":"https:\/\/247stiri.ro\/index.php\/wp-json\/wp\/v2\/posts\/43268","targetHints":{"allow":["GET"]}}],"collection":[{"href":"https:\/\/247stiri.ro\/index.php\/wp-json\/wp\/v2\/posts"}],"about":[{"href":"https:\/\/247stiri.ro\/index.php\/wp-json\/wp\/v2\/types\/post"}],"replies":[{"embeddable":true,"href":"https:\/\/247stiri.ro\/index.php\/wp-json\/wp\/v2\/comments?post=43268"}],"version-history":[{"count":0,"href":"https:\/\/247stiri.ro\/index.php\/wp-json\/wp\/v2\/posts\/43268\/revisions"}],"wp:featuredmedia":[{"embeddable":true,"href":"https:\/\/247stiri.ro\/index.php\/wp-json\/wp\/v2\/media\/43269"}],"wp:attachment":[{"href":"https:\/\/247stiri.ro\/index.php\/wp-json\/wp\/v2\/media?parent=43268"}],"wp:term":[{"taxonomy":"category","embeddable":true,"href":"https:\/\/247stiri.ro\/index.php\/wp-json\/wp\/v2\/categories?post=43268"},{"taxonomy":"post_tag","embeddable":true,"href":"https:\/\/247stiri.ro\/index.php\/wp-json\/wp\/v2\/tags?post=43268"}],"curies":[{"name":"wp","href":"https:\/\/api.w.org\/{rel}","templated":true}]}}