{"id":43272,"date":"2025-03-28T07:45:13","date_gmt":"2025-03-28T07:45:13","guid":{"rendered":"https:\/\/247stiri.ro\/index.php\/2025\/03\/28\/nicusor-dan-cauta-vinovati-pentru-dezastrul-din-capitala-tupeu-fantastic-nu-e-treaba-mea-sa-ridic-gunoiul-de-pe-strazi-video\/"},"modified":"2025-03-28T07:45:13","modified_gmt":"2025-03-28T07:45:13","slug":"nicusor-dan-cauta-vinovati-pentru-dezastrul-din-capitala-tupeu-fantastic-nu-e-treaba-mea-sa-ridic-gunoiul-de-pe-strazi-video","status":"publish","type":"post","link":"https:\/\/247stiri.ro\/index.php\/2025\/03\/28\/nicusor-dan-cauta-vinovati-pentru-dezastrul-din-capitala-tupeu-fantastic-nu-e-treaba-mea-sa-ridic-gunoiul-de-pe-strazi-video\/","title":{"rendered":"Nicu\u0219or Dan caut\u0103 vinova\u021bi pentru dezastrul din Capital\u0103 &#8211; tupeu fantastic: &#8222;Nu e treaba mea s\u0103 ridic gunoiul de pe str\u0103zi&#8221; &#8211; VIDEO"},"content":{"rendered":"<p>Luat la rost pentru c\u0103 nu \u00ee\u0219i face treaba, primarul general al Capitalei d\u0103 vina pe al\u021bii pentru e\u0219ecul s\u0103u.\u00a0<\/p>\n<p>&#8222;Tocmai a trecut o doamn\u0103 pe l\u00e2ng\u0103 mine \u0219i m-a \u00eentrebat ce e cu gunoiul aici. \u00cenc\u0103 o dat\u0103, primarii de sector se ocup\u0103, e important s\u0103 \u0219tim cine, ce atribu\u021bii are&#8230; Fac apel la primarii de sector s\u0103 rezolve&#8221;, spune Nicu\u0219or Dan.<\/p>\n<p><a title=\"@nicusordanpmb\" href=\"https:\/\/www.tiktok.com\/@nicusordanpmb?refer=embed\" target=\"_blank\">@nicusordanpmb<\/a> Cur\u0103\u021benia stradal\u0103 \u021bine de primarul fiec\u0103rui sector. E important s\u0103 cerem responsabilitate acolo unde trebuie. <a title=\"nicusordan\" href=\"https:\/\/www.tiktok.com\/tag\/nicusordan?refer=embed\" target=\"_blank\">#NicusorDan<\/a> <a title=\"romaniaonesta\" href=\"https:\/\/www.tiktok.com\/tag\/romaniaonesta?refer=embed\" target=\"_blank\">#RomaniaOnesta<\/a> <a title=\"bucuresti\" href=\"https:\/\/www.tiktok.com\/tag\/bucuresti?refer=embed\" target=\"_blank\">#bucuresti<\/a> <a title=\"pmb\" href=\"https:\/\/www.tiktok.com\/tag\/pmb?refer=embed\" target=\"_blank\">#PMB<\/a> <a title=\"gunoi\" href=\"https:\/\/www.tiktok.com\/tag\/gunoi?refer=embed\" target=\"_blank\">#gunoi<\/a>\u00a0<a title=\"sector\" href=\"https:\/\/www.tiktok.com\/tag\/sector?refer=embed\" target=\"_blank\">#sector<\/a>\u00a0<a title=\"fyp\" href=\"https:\/\/www.tiktok.com\/tag\/fyp?refer=embed\" target=\"_blank\">#fyp<\/a> <a title=\"\u266c original sound - Nicusor Dan Primar General\" href=\"https:\/\/www.tiktok.com\/music\/original-sound-7486458463712398102?refer=embed\" target=\"_blank\">\u266c original sound &#8211; Nicusor Dan Primar General<\/a><\/p>","protected":false},"excerpt":{"rendered":"<p>Luat la rost pentru c\u0103 nu \u00ee\u0219i face treaba, primarul general al Capitalei d\u0103 vina&hellip;<\/p>\n","protected":false},"author":0,"featured_media":43259,"comment_status":"open","ping_status":"open","sticky":false,"template":"","format":"standard","meta":{"footnotes":""},"categories":[2],"tags":[],"class_list":["post-43272","post","type-post","status-publish","format-standard","has-post-thumbnail","hentry","category-actual"],"_links":{"self":[{"href":"https:\/\/247stiri.ro\/index.php\/wp-json\/wp\/v2\/posts\/43272","targetHints":{"allow":["GET"]}}],"collection":[{"href":"https:\/\/247stiri.ro\/index.php\/wp-json\/wp\/v2\/posts"}],"about":[{"href":"https:\/\/247stiri.ro\/index.php\/wp-json\/wp\/v2\/types\/post"}],"replies":[{"embeddable":true,"href":"https:\/\/247stiri.ro\/index.php\/wp-json\/wp\/v2\/comments?post=43272"}],"version-history":[{"count":0,"href":"https:\/\/247stiri.ro\/index.php\/wp-json\/wp\/v2\/posts\/43272\/revisions"}],"wp:featuredmedia":[{"embeddable":true,"href":"https:\/\/247stiri.ro\/index.php\/wp-json\/wp\/v2\/media\/43259"}],"wp:attachment":[{"href":"https:\/\/247stiri.ro\/index.php\/wp-json\/wp\/v2\/media?parent=43272"}],"wp:term":[{"taxonomy":"category","embeddable":true,"href":"https:\/\/247stiri.ro\/index.php\/wp-json\/wp\/v2\/categories?post=43272"},{"taxonomy":"post_tag","embeddable":true,"href":"https:\/\/247stiri.ro\/index.php\/wp-json\/wp\/v2\/tags?post=43272"}],"curies":[{"name":"wp","href":"https:\/\/api.w.org\/{rel}","templated":true}]}}