{"id":43277,"date":"2025-03-28T08:45:04","date_gmt":"2025-03-28T08:45:04","guid":{"rendered":"https:\/\/247stiri.ro\/index.php\/2025\/03\/28\/ciolacu-mesaj-ferm-catre-liderii-administratiilor-locale-nu-mai-trebuie-repetate-greselile-trecutului\/"},"modified":"2025-03-28T08:45:04","modified_gmt":"2025-03-28T08:45:04","slug":"ciolacu-mesaj-ferm-catre-liderii-administratiilor-locale-nu-mai-trebuie-repetate-greselile-trecutului","status":"publish","type":"post","link":"https:\/\/247stiri.ro\/index.php\/2025\/03\/28\/ciolacu-mesaj-ferm-catre-liderii-administratiilor-locale-nu-mai-trebuie-repetate-greselile-trecutului\/","title":{"rendered":"Ciolacu, mesaj ferm c\u0103tre liderii administra\u021biilor locale: Nu mai trebuie repetate gre\u015felile trecutului"},"content":{"rendered":"<p>Prezent, vineri, la Adunarea General\u0103 a Uniunii Na\u0163ionale a Consiliilor Jude\u0163ene din Rom\u00e2nia, Ciolacu a\u00a0transmis c\u0103 rolul de integrator trebuie s\u0103 fie asumat de c\u0103tre candidatul coali\u0163iei de guvernare la alegerile preziden\u0163iale, Crin Antonescu.<\/p>\n<p>\u201dDomnule pre\u015fedintele Antonescu, trebuie s\u0103 v\u0103 asuma\u0163i rolul de integrator, fiindc\u0103 noi am mai f\u0103cut o coali\u0163ie \u00een acela\u015fi format la \u00eenceput, \u015fi PSD, \u015fi PNL, \u015fi UDMR. Pe urm\u0103 am f\u0103cut prima gre\u015feal\u0103 fiindc\u0103 a trebuit s\u0103 d\u0103m afar\u0103 UDMR-ul. Pe urm\u0103 am luat ni\u015fte decizii bune politice, urmate, cum era de a\u015fteptat, neav\u00e2nd un liant \u015fi tocmai ce scosesem \u015fi UDMR-ul din coali\u0163ie, am luat ni\u015fte decizii gre\u015fite, ca s\u0103 nu spun proaste, s\u0103 fiu elegant. \u015ei noi am pus um\u0103rul la crearea unei situa\u0163ii periculoase, nu neap\u0103rat pentru actul de guvernare, dar unei situa\u0163ii foarte periculoase \u00een Rom\u00e2nia. Acesta este adev\u0103rul\u201d, a afirmat Marcel Ciolacu.<\/p>\n<p>\u0218eful guvernului a precizat c\u0103 nu mai trebuie repetate gre\u015felile trecutului:\u00a0\u201d\u015ei trebuie s\u0103 realiz\u0103m \u00eentotdeauna c\u0103 prezentul e o consecin\u0163\u0103 a trecutului \u015fi dac\u0103 avem capacitatea totu\u015fi de a nu mai repeta aceste gre\u015feli \u015fi de a nu mai intra \u00een acelea\u015fi scenarii impuse de c\u0103tre anumite persoane care au anumite interese directe mai ales s\u0103 influen\u0163eze deciziile oamenilor politici \u015fi de aceast\u0103 dat\u0103 am reu\u015fit s\u0103 rezist\u0103m la tot asaltul \u015fi la toat\u0103 diversiunea care a fost cu cine-i candidatul, c\u00e2nd se retrage Crin Antonescu, va fi candidat domnul pre\u015fedinte Bolojan, unii \u00eel sus\u0163in pe Victor Ponta, al\u0163ii \u00eel sus\u0163in pe Nicu\u015for Dan \u015fi m\u0103 bucur c\u0103 ast\u0103zi ne-am str\u00e2ns ca s\u0103 spunem lucrurile direct\u201d.\u00a0<\/p>\n<p>El a ad\u0103ugat c\u0103 singura coali\u0163ie care poate implementa tot ce este nevoie \u00een Rom\u00e2nia este cea aflat\u0103 la putere.\u00a0<\/p>\n<p>\u201eDac\u0103 aceast\u0103 coali\u0163ie, care este o coali\u0163ie majoritar\u0103 \u00een Parlamentul Rom\u00e2niei, nu are capacitatea \u015fi continu\u0103 s\u0103 stea \u00eentr-o defensiv\u0103 a unor forma\u0163iuni sau a unor indivizii care nu reprezint\u0103 nimic la nivelul Parlamentului \u015fi continu\u0103m s\u0103 st\u0103m \u00eentr-o a\u015fteptare, facem o gre\u015feal\u0103 grav\u0103. Singur\u0103 coali\u0163ie \u015fi singura majoritate care poate asigura \u015fi implementa tot ceea ce este nevoie \u00een Rom\u00e2nia, vreau s\u0103 v\u0103 spun c\u0103 este \u00een aceast\u0103 camer\u0103\u201d, a mai afirmat Ciolacu.<\/p>\n<p>\u00a0<\/p>","protected":false},"excerpt":{"rendered":"<p>Prezent, vineri, la Adunarea General\u0103 a Uniunii Na\u0163ionale a Consiliilor Jude\u0163ene din Rom\u00e2nia, Ciolacu a\u00a0transmis&hellip;<\/p>\n","protected":false},"author":0,"featured_media":43278,"comment_status":"open","ping_status":"open","sticky":false,"template":"","format":"standard","meta":{"footnotes":""},"categories":[3],"tags":[],"class_list":["post-43277","post","type-post","status-publish","format-standard","has-post-thumbnail","hentry","category-politica"],"_links":{"self":[{"href":"https:\/\/247stiri.ro\/index.php\/wp-json\/wp\/v2\/posts\/43277","targetHints":{"allow":["GET"]}}],"collection":[{"href":"https:\/\/247stiri.ro\/index.php\/wp-json\/wp\/v2\/posts"}],"about":[{"href":"https:\/\/247stiri.ro\/index.php\/wp-json\/wp\/v2\/types\/post"}],"replies":[{"embeddable":true,"href":"https:\/\/247stiri.ro\/index.php\/wp-json\/wp\/v2\/comments?post=43277"}],"version-history":[{"count":0,"href":"https:\/\/247stiri.ro\/index.php\/wp-json\/wp\/v2\/posts\/43277\/revisions"}],"wp:featuredmedia":[{"embeddable":true,"href":"https:\/\/247stiri.ro\/index.php\/wp-json\/wp\/v2\/media\/43278"}],"wp:attachment":[{"href":"https:\/\/247stiri.ro\/index.php\/wp-json\/wp\/v2\/media?parent=43277"}],"wp:term":[{"taxonomy":"category","embeddable":true,"href":"https:\/\/247stiri.ro\/index.php\/wp-json\/wp\/v2\/categories?post=43277"},{"taxonomy":"post_tag","embeddable":true,"href":"https:\/\/247stiri.ro\/index.php\/wp-json\/wp\/v2\/tags?post=43277"}],"curies":[{"name":"wp","href":"https:\/\/api.w.org\/{rel}","templated":true}]}}