{"id":43291,"date":"2025-03-28T08:45:10","date_gmt":"2025-03-28T08:45:10","guid":{"rendered":"https:\/\/247stiri.ro\/index.php\/2025\/03\/28\/socant-presedintele-provizoriu-se-implica-in-campania-electorala-tupeul-incredibil-a-lui-bolojan-ce-spune-despre-anularea-turului-2\/"},"modified":"2025-03-28T08:45:10","modified_gmt":"2025-03-28T08:45:10","slug":"socant-presedintele-provizoriu-se-implica-in-campania-electorala-tupeul-incredibil-a-lui-bolojan-ce-spune-despre-anularea-turului-2","status":"publish","type":"post","link":"https:\/\/247stiri.ro\/index.php\/2025\/03\/28\/socant-presedintele-provizoriu-se-implica-in-campania-electorala-tupeul-incredibil-a-lui-bolojan-ce-spune-despre-anularea-turului-2\/","title":{"rendered":"\u0218OCANT! Pre\u0219edintele provizoriu se implic\u0103 \u00een campania electoral\u0103. Tupeul incredibil a lui Bolojan. Ce spune despre anularea turului 2"},"content":{"rendered":"<p>\u201dSuntem, \u00eens\u0103, sigur, \u00eentr-o situa\u021bie complicat\u0103 at\u00e2t \u00een tara noastr\u0103, venim dup\u0103 alegerile care nu s-au finalizat anul trecut, avem o ne\u00eencredere puternic\u0103 at\u00e2t in institutii, c\u00e2t \u0219i \u00een lumea politic\u0103, nu trebuie s\u0103 fugim de aceste lucruri \u0219i este clar un clivaj important \u00een societate.\u00a0<\/p>\n<p>Cred c\u0103 suntem cu to\u021bii con\u0219tien\u021bi c\u0103 avem nevoie de stabilitate politic\u0103. Asta este o condi\u021bie obligatorie. Nu este suficient\u0103, dar este absolut necesar\u0103. Dac\u0103 nu vom avea aceast\u0103 stabilitate \u00een perioada urm\u0103toare lucurile nu vor ar\u0103ta bine\u201d, a declarat <a href=\"https:\/\/www.realitatea.net\/stiri\/politica\/ilie-bolojan-si-marcel-ciolacu-intalnire-de-urgenta-ce-vor-discuta-presedintele-interimar-si-premierul_67e63410c967606a8a5d4f22\" target=\"_blank\">Ilie Bolojan.\u00a0<\/a><\/p>","protected":false},"excerpt":{"rendered":"<p>\u201dSuntem, \u00eens\u0103, sigur, \u00eentr-o situa\u021bie complicat\u0103 at\u00e2t \u00een tara noastr\u0103, venim dup\u0103 alegerile care nu&hellip;<\/p>\n","protected":false},"author":0,"featured_media":43280,"comment_status":"open","ping_status":"open","sticky":false,"template":"","format":"standard","meta":{"footnotes":""},"categories":[2],"tags":[],"class_list":["post-43291","post","type-post","status-publish","format-standard","has-post-thumbnail","hentry","category-actual"],"_links":{"self":[{"href":"https:\/\/247stiri.ro\/index.php\/wp-json\/wp\/v2\/posts\/43291","targetHints":{"allow":["GET"]}}],"collection":[{"href":"https:\/\/247stiri.ro\/index.php\/wp-json\/wp\/v2\/posts"}],"about":[{"href":"https:\/\/247stiri.ro\/index.php\/wp-json\/wp\/v2\/types\/post"}],"replies":[{"embeddable":true,"href":"https:\/\/247stiri.ro\/index.php\/wp-json\/wp\/v2\/comments?post=43291"}],"version-history":[{"count":0,"href":"https:\/\/247stiri.ro\/index.php\/wp-json\/wp\/v2\/posts\/43291\/revisions"}],"wp:featuredmedia":[{"embeddable":true,"href":"https:\/\/247stiri.ro\/index.php\/wp-json\/wp\/v2\/media\/43280"}],"wp:attachment":[{"href":"https:\/\/247stiri.ro\/index.php\/wp-json\/wp\/v2\/media?parent=43291"}],"wp:term":[{"taxonomy":"category","embeddable":true,"href":"https:\/\/247stiri.ro\/index.php\/wp-json\/wp\/v2\/categories?post=43291"},{"taxonomy":"post_tag","embeddable":true,"href":"https:\/\/247stiri.ro\/index.php\/wp-json\/wp\/v2\/tags?post=43291"}],"curies":[{"name":"wp","href":"https:\/\/api.w.org\/{rel}","templated":true}]}}