{"id":43294,"date":"2025-03-28T08:45:11","date_gmt":"2025-03-28T08:45:11","guid":{"rendered":"https:\/\/247stiri.ro\/index.php\/2025\/03\/28\/cod-galben-de-ceata-densa-in-doua-judete-din-nordul-tarii-vineri-dimineata-vizibilitatea-pe-sosele-sub-50-de-metri-care-sunt-localitatile-afectate\/"},"modified":"2025-03-28T08:45:11","modified_gmt":"2025-03-28T08:45:11","slug":"cod-galben-de-ceata-densa-in-doua-judete-din-nordul-tarii-vineri-dimineata-vizibilitatea-pe-sosele-sub-50-de-metri-care-sunt-localitatile-afectate","status":"publish","type":"post","link":"https:\/\/247stiri.ro\/index.php\/2025\/03\/28\/cod-galben-de-ceata-densa-in-doua-judete-din-nordul-tarii-vineri-dimineata-vizibilitatea-pe-sosele-sub-50-de-metri-care-sunt-localitatile-afectate\/","title":{"rendered":"Cod GALBEN de cea\u021b\u0103 dens\u0103 \u00een dou\u0103 jude\u021be din nordul \u021b\u0103rii, vineri diminea\u021b\u0103. Vizibilitatea pe \u0219osele &#8211; sub 50 de metri. Care sunt localit\u0103\u021bile afectate"},"content":{"rendered":"<p><a href=\"https:\/\/www.realitatea.net\/stiri\/vremea\/aer-polar-peste-romania-prognoza-meteo-pe-o-luna-cum-va-fi-vremea-de-florii-si-de-paste-temperaturi-nefiresti_67e64d8ab51453460a595be6\" target=\"_blank\">Administra\u021bia Na\u021bional\u0103 de Meteorologie<\/a> (ANM) a emis, vineri, o aten\u021bionare nowcasting Cod galben de cea\u021b\u0103, valabil\u0103 \u00een zone din dou\u0103 jude\u021be situate \u00een regiunea Moldovei.<\/p>\n<p>Potrivit prognozei ANM, p\u00e2n\u0103 la ora 11:00, \u00een jude\u021bul Boto\u0219ani (localit\u0103\u021bile: Dorohoi, Hude\u0219ti, Mihai Eminescu, Co\u021bu\u0219ca, Suhar\u0103u, Hav\u00e2rna, Vl\u0103deni, Vorniceni, R\u0103d\u0103u\u021bi-Prut, Ib\u0103ne\u0219ti, \u0218endriceni, V\u00e2rfu C\u00e2mpului, Cristine\u0219ti, Dersca, George Enescu, Hili\u0219eu-Horia, P\u0103ltini\u0219, Brosc\u0103u\u021bi, Mileanca, Pom\u00e2rla, Roma, \u0218tiubieni, Darabani, Mih\u0103ileni, Dr\u0103gu\u0219eni, Corl\u0103teni, Leorda, C\u00e2nde\u0219ti, Cord\u0103reni, Vii\u0219oara, Br\u0103e\u0219ti, Conce\u0219ti, V\u0103cule\u0219ti, Lozna, Mitoc, Dim\u0103cheni \u0219i Bucecea) \u0219i \u00een jude\u021bul Suceava (\u00een: Siret, Salcea, Dumbr\u0103veni, Zvori\u0219tea, Ad\u00e2ncata, H\u00e2n\u021be\u0219ti, Zamostea, Siminicea \u0219i Gr\u0103me\u0219ti), cea\u021ba dens\u0103 va determina sc\u0103derea vizibilit\u0103\u021bii, local sub 200 de metri \u0219i izolat sub 50 de metri.<\/p>\n<p>Avertiz\u0103rile de fenomene periculoase imediate (nowcasting) se emit pentru o perioad\u0103 de maximum \u0219ase ore, transmite ANM.<\/p>","protected":false},"excerpt":{"rendered":"<p>Administra\u021bia Na\u021bional\u0103 de Meteorologie (ANM) a emis, vineri, o aten\u021bionare nowcasting Cod galben de cea\u021b\u0103,&hellip;<\/p>\n","protected":false},"author":0,"featured_media":43295,"comment_status":"open","ping_status":"open","sticky":false,"template":"","format":"standard","meta":{"footnotes":""},"categories":[2],"tags":[],"class_list":["post-43294","post","type-post","status-publish","format-standard","has-post-thumbnail","hentry","category-actual"],"_links":{"self":[{"href":"https:\/\/247stiri.ro\/index.php\/wp-json\/wp\/v2\/posts\/43294","targetHints":{"allow":["GET"]}}],"collection":[{"href":"https:\/\/247stiri.ro\/index.php\/wp-json\/wp\/v2\/posts"}],"about":[{"href":"https:\/\/247stiri.ro\/index.php\/wp-json\/wp\/v2\/types\/post"}],"replies":[{"embeddable":true,"href":"https:\/\/247stiri.ro\/index.php\/wp-json\/wp\/v2\/comments?post=43294"}],"version-history":[{"count":0,"href":"https:\/\/247stiri.ro\/index.php\/wp-json\/wp\/v2\/posts\/43294\/revisions"}],"wp:featuredmedia":[{"embeddable":true,"href":"https:\/\/247stiri.ro\/index.php\/wp-json\/wp\/v2\/media\/43295"}],"wp:attachment":[{"href":"https:\/\/247stiri.ro\/index.php\/wp-json\/wp\/v2\/media?parent=43294"}],"wp:term":[{"taxonomy":"category","embeddable":true,"href":"https:\/\/247stiri.ro\/index.php\/wp-json\/wp\/v2\/categories?post=43294"},{"taxonomy":"post_tag","embeddable":true,"href":"https:\/\/247stiri.ro\/index.php\/wp-json\/wp\/v2\/tags?post=43294"}],"curies":[{"name":"wp","href":"https:\/\/api.w.org\/{rel}","templated":true}]}}