{"id":43300,"date":"2025-03-28T09:45:10","date_gmt":"2025-03-28T09:45:10","guid":{"rendered":"https:\/\/247stiri.ro\/index.php\/2025\/03\/28\/legaturile-lui-victor-ponta-cu-reteaua-albaneza-a-lui-edi-rama-declaratii-halucinante-ma-consultam-cu-coldea-si-maior-pentru-numiri-cheie\/"},"modified":"2025-03-28T09:45:10","modified_gmt":"2025-03-28T09:45:10","slug":"legaturile-lui-victor-ponta-cu-reteaua-albaneza-a-lui-edi-rama-declaratii-halucinante-ma-consultam-cu-coldea-si-maior-pentru-numiri-cheie","status":"publish","type":"post","link":"https:\/\/247stiri.ro\/index.php\/2025\/03\/28\/legaturile-lui-victor-ponta-cu-reteaua-albaneza-a-lui-edi-rama-declaratii-halucinante-ma-consultam-cu-coldea-si-maior-pentru-numiri-cheie\/","title":{"rendered":"Leg\u0103turile lui Victor Ponta cu re\u021beaua albanez\u0103 a lui Edi Rama. Declara\u021bii halucinante: M\u0103 consultam cu Coldea \u0219i Maior pentru numiri-cheie"},"content":{"rendered":"<p>De\u0219i Ponta s-a pl\u00e2ns de-a lungul timpului c\u0103 at\u00e2t el c\u00e2t \u0219i familia lui au avut de suferit de pe urma generalului negru, se pare c\u0103 fostul premier a avut leg\u0103turi ascunse cu Florian Coldea, dup\u0103 cum chiar el a recunoscut. Mai exact, Ponta \u0219i Coldea l-au consiliat \u00eempreun\u0103 pe premierul albanez Edi Rama, acuzat de trafic de arme, persoane \u0219i droguri. &#8222;De ce i-a trebuit lui Rama consilierul Coldea nu \u0219tiu. Dar sunt absolut convins c\u0103 \u0219tia lumea \u00een Rom\u00e2nia c\u0103 e consilier. Eu \u0219tiam. Cui m-a \u00eentrebat, i-am spus. Crede\u021bi c\u0103 putea s\u0103 mearg\u0103 Coldea \u00een Albania f\u0103r\u0103 s\u0103 i se fi aprobat de c\u0103tre pre\u0219edintele Academiei?&#8221;, afirma Victor Ponta \u00een iunie 2024, \u00eentr-o declara\u021bie de pres\u0103.<\/p>\n<p>Totodat\u0103, \u00een anul 2014, c\u00e2nd a candidat al\u0103turi de Iohannis la turul 2 al preziden\u021bialelor, Victor Ponta a fost sus\u021binut public de premierul albanez Edi Rama.<\/p>\n<p>&#8222;Victor este un unificator si dupa atatia ani de dezbinare, Romania are nevoie de cineva sa uneasca poporul si sa ii dea un sens, un tel comun si sa il conduca inainte spre un viitor mai bun&#8221;, spunea Edi Rama in 2014.<\/p>\n<p>&#8222;Poate vreti sa le spuneti romanilor cum s-au vandut resursele tarii cand erati sef la SRI. De ce nu vreti sa vorbiti de fata cu lumea?&#8221;, afirma jurnalista Anca Alexandrescu, care a dat peste Forian Coldea in timp ce se afla pe aeroportul din Dubai, in februarie 2024.<\/p>\n<p>De altfel, Victor Ponta a fost surprins anul trecut la un eveniment sportiv al\u0103turi de Marina Pandarof, cunoscut\u0103 \u00een spa\u021biul public ca blonda lui Coldea. Mai exact, cei doi au participat la o competi\u021bie de golf iar imaginile au ajuns pe re\u021belele de socializare.<\/p>\n<p>Nici Marina Pandarof nu e str\u0103in\u0103 de mafia albanez\u0103. Aceasta ar fi fost chiar omul de leg\u0103tur\u0103 dintre lumea arab\u0103 \u0219i mafia albanez\u0103.<\/p>\n<p>Ba mai mult, \u00een anul 2018, candidatul vopsit \u00een suveranist la preziden\u021biale a recunoscut c\u0103 \u00een timpul mandatului de premier se consulta cu generalii statului paralel, Coldea \u0219i Maior, \u00een ceea ce prive\u0219te numirile la ministere-cheie.<\/p>\n<p>M\u0103rturisirile halucinante ale lui Victor Ponta au fost f\u0103cute \u00een timpul audierilor de la \u00cenalta Curte, \u00een dosarul lui Sebastian Ghi\u021b\u0103 \u0219i a fostului procuror \u0219ef de la Curtea de Apel Ploie\u0219ti, Liviu Tudose.<\/p>\n<p>\u201eAbsolut toate propunerile \u0219i numirile pe care le-am f\u0103cut \u00een perioada \u00een care am fost prim-ministru, f\u0103r\u0103 excep\u021bie, s-au f\u0103cut dup\u0103 o discu\u021bie telefonic\u0103 sau personal\u0103 fie cu domnul Maior, fie cu domnul Coldea \u0219i dup\u0103 ce am solicitat o not\u0103 din partea Serviciilor \u00een leg\u0103tur\u0103 cu persoana ce doream s\u0103 o numesc\u201d.<\/p>\n<p>SURSA: DECLARA\u021aII INSTAN\u021a\u0102<\/p>\n\n<p>Mai exact, Victor Ponta a sc\u0103pat porumbelul \u00een \u00eencercarea disperat\u0103 de a sc\u0103pa de acuza\u021biile pe care i le-a adus Liviu Tudose la acea vreme.<\/p>\n<p>Fostul procuror \u0219ef al Cur\u021bii de Apel Ploie\u0219ti declarase anterior \u00een instan\u021b\u0103 c\u0103 premierul Victor Ponta i-ar fi propus o func\u021bie important\u0103 la Departamentul pentru lupta antifraud\u0103 sau Oficiul Na\u021bional de Prevenire \u0219i Combatere a Sp\u0103l\u0103rii Banilor. Potrivit acestuia, \u00eent\u00e2lnirea ar fi avut loc la insisten\u021bele lui Sebastian Ghi\u021b\u0103.\u00a0<\/p>","protected":false},"excerpt":{"rendered":"<p>De\u0219i Ponta s-a pl\u00e2ns de-a lungul timpului c\u0103 at\u00e2t el c\u00e2t \u0219i familia lui au&hellip;<\/p>\n","protected":false},"author":0,"featured_media":43301,"comment_status":"open","ping_status":"open","sticky":false,"template":"","format":"standard","meta":{"footnotes":""},"categories":[3],"tags":[],"class_list":["post-43300","post","type-post","status-publish","format-standard","has-post-thumbnail","hentry","category-politica"],"_links":{"self":[{"href":"https:\/\/247stiri.ro\/index.php\/wp-json\/wp\/v2\/posts\/43300","targetHints":{"allow":["GET"]}}],"collection":[{"href":"https:\/\/247stiri.ro\/index.php\/wp-json\/wp\/v2\/posts"}],"about":[{"href":"https:\/\/247stiri.ro\/index.php\/wp-json\/wp\/v2\/types\/post"}],"replies":[{"embeddable":true,"href":"https:\/\/247stiri.ro\/index.php\/wp-json\/wp\/v2\/comments?post=43300"}],"version-history":[{"count":0,"href":"https:\/\/247stiri.ro\/index.php\/wp-json\/wp\/v2\/posts\/43300\/revisions"}],"wp:featuredmedia":[{"embeddable":true,"href":"https:\/\/247stiri.ro\/index.php\/wp-json\/wp\/v2\/media\/43301"}],"wp:attachment":[{"href":"https:\/\/247stiri.ro\/index.php\/wp-json\/wp\/v2\/media?parent=43300"}],"wp:term":[{"taxonomy":"category","embeddable":true,"href":"https:\/\/247stiri.ro\/index.php\/wp-json\/wp\/v2\/categories?post=43300"},{"taxonomy":"post_tag","embeddable":true,"href":"https:\/\/247stiri.ro\/index.php\/wp-json\/wp\/v2\/tags?post=43300"}],"curies":[{"name":"wp","href":"https:\/\/api.w.org\/{rel}","templated":true}]}}