{"id":43308,"date":"2025-03-28T09:45:13","date_gmt":"2025-03-28T09:45:13","guid":{"rendered":"https:\/\/247stiri.ro\/index.php\/2025\/03\/28\/sefa-anm-anunta-urgia-coduri-galbene-si-portocalii-de-viscol-si-ploi-torentiale\/"},"modified":"2025-03-28T09:45:13","modified_gmt":"2025-03-28T09:45:13","slug":"sefa-anm-anunta-urgia-coduri-galbene-si-portocalii-de-viscol-si-ploi-torentiale","status":"publish","type":"post","link":"https:\/\/247stiri.ro\/index.php\/2025\/03\/28\/sefa-anm-anunta-urgia-coduri-galbene-si-portocalii-de-viscol-si-ploi-torentiale\/","title":{"rendered":"\u0218efa ANM anun\u021b\u0103 urgia: coduri galbene \u0219i portocalii de viscol \u0219i ploi toren\u021biale"},"content":{"rendered":"<p>\u201eAvem chiar in aceste momente mai multe avertizari meteo de vreme rea. Este vorba de mai multe coduri portocalii, dar si galbene de ploi si vant puternic.Codurile sunt \u00een vigoare pana m\u00e2ine la pr\u00e2nz. Ploile cele mai abundente le a\u0219tept\u0103m \u00een partea de sud a Banatului, \u00een Oltenia, \u00een nordul Munteniei \u0219i \u00een sudul Transilvaniei.<\/p>\n<p>\u00cen zonele \u00een care este \u00een vigoare un cod portocaliu se va ajunge la 50-70 L\/metru p\u0103trat \u0219i \u00een special \u00een partea de nord a Olteniei \u0219i la munte se va ajunge la 80-100 L\/metru p\u0103trat. La altitudini de peste 2000 de metri este de a\u0219teptat ca precipita\u021biile s\u0103 se transforme \u00een ninsoare \u0219i s\u0103 se depun\u0103 \u00een strat consistent de z\u0103pad\u0103 \u0219i sa fie viscol puternic, pentru c\u0103 rafalele v\u00e2ntului vor ajunge la 90-120 km\/h.<\/p>\n<p>\u00cen acela\u0219i timp, p\u00e2n\u0103 m\u00e2ine este \u00een vigoare un cod galben \u0219i portocaliu. Galben pentru toat\u0103 jum\u0103tatea de sud a \u021b\u0103rii, portocaliu pentru partea de vest a Munteniei, jum\u0103tatea de vest a Munteniei, inclusiv jude\u021bul Ilfov \u0219i Municipiul Bucure\u0219ti \u0219i partea de est a Olteniei.<\/p>\n<p>\u00cen aceste zone ne a\u0219tept\u0103m la rafale de 70-90 km\/h. Vom urm\u0103ri evolu\u021bia acestor fenomene, dar cel mai probabil intensitatea maxim\u0103 va fi, a\u0219a cum spuneam p\u00e2n\u0103 m\u00e2ine diminea\u021b\u0103, apoi pe parcursul zilei de m\u00e2ine ploile se vor restr\u00e2nge spre partea de est a teritoriului, f\u0103r\u0103 s\u0103 mai a\u0219tept\u0103m cantit\u0103\u021bi at\u00e2t de mari comparabil cu cele pe care le a\u0219tept\u0103m ast\u0103zi \u0219i la noapte.\u201d, a declarat la Realitatea PLUS Florinela Georgescu, director executiv ANM.<\/p>","protected":false},"excerpt":{"rendered":"<p>\u201eAvem chiar in aceste momente mai multe avertizari meteo de vreme rea. Este vorba de&hellip;<\/p>\n","protected":false},"author":0,"featured_media":43309,"comment_status":"open","ping_status":"open","sticky":false,"template":"","format":"standard","meta":{"footnotes":""},"categories":[2],"tags":[],"class_list":["post-43308","post","type-post","status-publish","format-standard","has-post-thumbnail","hentry","category-actual"],"_links":{"self":[{"href":"https:\/\/247stiri.ro\/index.php\/wp-json\/wp\/v2\/posts\/43308","targetHints":{"allow":["GET"]}}],"collection":[{"href":"https:\/\/247stiri.ro\/index.php\/wp-json\/wp\/v2\/posts"}],"about":[{"href":"https:\/\/247stiri.ro\/index.php\/wp-json\/wp\/v2\/types\/post"}],"replies":[{"embeddable":true,"href":"https:\/\/247stiri.ro\/index.php\/wp-json\/wp\/v2\/comments?post=43308"}],"version-history":[{"count":0,"href":"https:\/\/247stiri.ro\/index.php\/wp-json\/wp\/v2\/posts\/43308\/revisions"}],"wp:featuredmedia":[{"embeddable":true,"href":"https:\/\/247stiri.ro\/index.php\/wp-json\/wp\/v2\/media\/43309"}],"wp:attachment":[{"href":"https:\/\/247stiri.ro\/index.php\/wp-json\/wp\/v2\/media?parent=43308"}],"wp:term":[{"taxonomy":"category","embeddable":true,"href":"https:\/\/247stiri.ro\/index.php\/wp-json\/wp\/v2\/categories?post=43308"},{"taxonomy":"post_tag","embeddable":true,"href":"https:\/\/247stiri.ro\/index.php\/wp-json\/wp\/v2\/tags?post=43308"}],"curies":[{"name":"wp","href":"https:\/\/api.w.org\/{rel}","templated":true}]}}