{"id":43312,"date":"2025-03-28T09:45:14","date_gmt":"2025-03-28T09:45:14","guid":{"rendered":"https:\/\/247stiri.ro\/index.php\/2025\/03\/28\/bolojan-tara-noastra-nu-se-schimba-din-bucuresti-ci-din-fiecare-comunitate-si-din-fiecare-judet\/"},"modified":"2025-03-28T09:45:14","modified_gmt":"2025-03-28T09:45:14","slug":"bolojan-tara-noastra-nu-se-schimba-din-bucuresti-ci-din-fiecare-comunitate-si-din-fiecare-judet","status":"publish","type":"post","link":"https:\/\/247stiri.ro\/index.php\/2025\/03\/28\/bolojan-tara-noastra-nu-se-schimba-din-bucuresti-ci-din-fiecare-comunitate-si-din-fiecare-judet\/","title":{"rendered":"Bolojan: \u201d\u021aara noastr\u0103 nu se schimb\u0103 din Bucure\u015fti, ci din fiecare comunitate \u015fi din fiecare jude\u0163\u201d"},"content":{"rendered":"<p>\u201eCred c\u0103 suntem con\u015ftien\u0163i cu to\u0163ii de, s\u0103 spunem, dou\u0103 perspective. Una care vine din partea administra\u0163iei, din partea dumneavoastr\u0103, \u015fi una care vine, s\u0103 spunem, din aceast\u0103 zon\u0103 de central. Nu putem s\u0103 facem performan\u0163\u0103 \u00een administra\u0163ia local\u0103 dac\u0103 nu exist\u0103 politici publice care s\u0103 ne creeze condi\u0163ii pentru acest lucru.<\/p>\n<p>\u015ei \u015ftim asta de 20-30 de ani. \u015ei ne-am b\u0103tut, \u015fi cred c\u0103 trebuie s\u0103 ne batem \u00een continuare, dumneavoastr\u0103, pentru c\u0103, \u00eentotdeauna, politicile publice care sunt f\u0103cute de la nivel guvernamental, de la nivel parlamentar, legile, s\u0103 ne creeze condi\u0163ii pentru a putea s\u0103 ne facem datoria fa\u0163\u0103 de cet\u0103\u0163enii pe care \u00eei reprezent\u0103m la prim\u0103riile, unde sunt primari, \u015fi la consiliile jude\u0163ene, unde dumneavoastr\u0103 v\u0103 desf\u0103\u015fura\u0163i activitatea\u201d a afirmat Ilie Bolojan.Pre\u015fedintele interimar a spus c\u0103 f\u0103r\u0103 o descentralizare, f\u0103r\u0103 \u201eun transfer de responsabilit\u0103\u0163i c\u00e2t mai mare posibil\u201d c\u0103tre administra\u0163ia local\u0103, c\u0103tre serviciile deconcentrate din teritoriu, nu va putea fi valorificat\u0103 \u201eapropierea pe care cei cu responsabilit\u0103\u0163i \u00een comunit\u0103\u0163i o au fa\u0163\u0103 de cet\u0103\u0163eni\u201d, \u00een a\u015fa fel \u00eenc\u00e2t s\u0103 dea \u201emaxim posibil \u00een condi\u0163iile date\u201d.\u201e\u015ei, sigur, solu\u0163ii care poate nu sunt valabile la Boto\u015fani sunt valabile la Hunedoara, dar s\u0103 ai aceast\u0103 flexibilitate \u015fi s\u0103 ai posibilitatea s\u0103 iei decizii func\u0163ie de contextul local, asta e o chestiune important\u0103. \u015ei cred c\u0103 suntem cu to\u0163ii con\u015ftien\u0163i c\u0103, f\u0103r\u0103 o colaborare \u00eentre administra\u0163ia local\u0103 \u015fi cea central\u0103, nu po\u0163i s\u0103 performezi. Dac\u0103 \u00een anii \u00een care am fost \u00een administra\u0163ie, am reu\u015fit s\u0103 fac c\u00e2te ceva, a fost pentru c\u0103 \u00eentotdeauna am c\u0103utat s\u0103 colaborez at\u00e2t pe orizontal\u0103, dar \u015fi pe vertical\u0103, cu to\u0163i cei cu care trebuia s\u0103 colabor\u0103m.<\/p>\n<p>\u015ei cred c\u0103 ast\u0103zi \u015fi m\u00e2ine este o conjunctur\u0103 bun\u0103 s\u0103 existe \u00eentr-adev\u0103r o colaborare \u00eentre administra\u0163ia local\u0103 \u015fi partea de Guvern, \u015fi majoritatea parlamentar\u0103, \u00een a\u015fa fel \u00eenc\u00e2t s\u0103 putem performa \u00een fiecare comunitate, pentru c\u0103 \u0163ara noastr\u0103 nu se schimb\u0103 din Bucure\u015fti, ci se schimb\u0103 din fiecare comunitate \u015fi din fiecare jude\u0163\u201d, a afirmat Ilie Bolojan, ad\u0103ug\u00e2nd c\u0103 aceasta este o perspectiv\u0103 pe care a \u00eenv\u0103\u0163at-o \u00een anii pe care i-a avut \u00een administra\u0163ie.<\/p>","protected":false},"excerpt":{"rendered":"<p>\u201eCred c\u0103 suntem con\u015ftien\u0163i cu to\u0163ii de, s\u0103 spunem, dou\u0103 perspective. Una care vine din&hellip;<\/p>\n","protected":false},"author":0,"featured_media":43303,"comment_status":"open","ping_status":"open","sticky":false,"template":"","format":"standard","meta":{"footnotes":""},"categories":[2],"tags":[],"class_list":["post-43312","post","type-post","status-publish","format-standard","has-post-thumbnail","hentry","category-actual"],"_links":{"self":[{"href":"https:\/\/247stiri.ro\/index.php\/wp-json\/wp\/v2\/posts\/43312","targetHints":{"allow":["GET"]}}],"collection":[{"href":"https:\/\/247stiri.ro\/index.php\/wp-json\/wp\/v2\/posts"}],"about":[{"href":"https:\/\/247stiri.ro\/index.php\/wp-json\/wp\/v2\/types\/post"}],"replies":[{"embeddable":true,"href":"https:\/\/247stiri.ro\/index.php\/wp-json\/wp\/v2\/comments?post=43312"}],"version-history":[{"count":0,"href":"https:\/\/247stiri.ro\/index.php\/wp-json\/wp\/v2\/posts\/43312\/revisions"}],"wp:featuredmedia":[{"embeddable":true,"href":"https:\/\/247stiri.ro\/index.php\/wp-json\/wp\/v2\/media\/43303"}],"wp:attachment":[{"href":"https:\/\/247stiri.ro\/index.php\/wp-json\/wp\/v2\/media?parent=43312"}],"wp:term":[{"taxonomy":"category","embeddable":true,"href":"https:\/\/247stiri.ro\/index.php\/wp-json\/wp\/v2\/categories?post=43312"},{"taxonomy":"post_tag","embeddable":true,"href":"https:\/\/247stiri.ro\/index.php\/wp-json\/wp\/v2\/tags?post=43312"}],"curies":[{"name":"wp","href":"https:\/\/api.w.org\/{rel}","templated":true}]}}