{"id":43313,"date":"2025-03-28T09:45:15","date_gmt":"2025-03-28T09:45:15","guid":{"rendered":"https:\/\/247stiri.ro\/index.php\/2025\/03\/28\/recomandarile-isu-dupa-ce-anm-a-emis-un-cod-portocaliu-de-vreme-rea-in-capitala-si-in-judetul-ilfov-ce-trebuie-sa-faca-cetatenii\/"},"modified":"2025-03-28T09:45:15","modified_gmt":"2025-03-28T09:45:15","slug":"recomandarile-isu-dupa-ce-anm-a-emis-un-cod-portocaliu-de-vreme-rea-in-capitala-si-in-judetul-ilfov-ce-trebuie-sa-faca-cetatenii","status":"publish","type":"post","link":"https:\/\/247stiri.ro\/index.php\/2025\/03\/28\/recomandarile-isu-dupa-ce-anm-a-emis-un-cod-portocaliu-de-vreme-rea-in-capitala-si-in-judetul-ilfov-ce-trebuie-sa-faca-cetatenii\/","title":{"rendered":"Recomand\u0103rile ISU, dup\u0103 ce ANM a emis un Cod portocaliu de vreme rea \u00een Capital\u0103 \u0219i \u00een jude\u021bul Ilfov. Ce trebuie s\u0103 fac\u0103 cet\u0103\u021benii"},"content":{"rendered":"<p>\u201d\u00cen intervalul men\u021bionat, \u00een jude\u021bele Dolj, Olt, Teleorman, Giurgiu, Ilfov, municipiul Bucure\u0219ti, precum \u0219i \u00een zona joas\u0103 a jude\u021belor V\u00e2lcea, Arge\u0219, D\u00e2mbovi\u021ba \u0219i Prahova temporar v\u00e2ntul va avea intensific\u0103ri cu viteze de 70&#8230;90 km\/h\u201d, a transmis <a href=\"https:\/\/www.realitatea.net\/stiri\/vremea#google_vignette\" target=\"_blank\">ANM.<\/a><\/p>\n<p>Astfel, reprezentanii ISU le recomand\u0103 locuitorilor Capitalei, dar \u0219i celor din jude\u021bul Ilfov s\u0103 resprecte urm\u0103toarele m\u0103suri preventive:<\/p>\n<p>&#8211; evita\u021bi ad\u0103postirea sau trecerea prin apropierea copacilor, st\u00e2lpilor, panourilor publicitare, construc\u0163iilor cu elemente de arhitectur\u0103 ce pot fi u\u015for dislocate, precum \u015fi a imobilelor aflate \u00een construc\u0163ie;- sista\u021bi activit\u0103\u0163ile desf\u0103\u015furate \u00een teren deschis sau la \u00een\u0103l\u0163ime;- \u00eenchide\u021bi ferestrele locuin\u0163elor \u015fi altor categorii de construc\u0163ii;- nu atinge\u021bi st\u00e2lpii sau conductoarele de electricitate c\u0103zute la p\u0103m\u00e2nt.<\/p>\n\n<p>De asemenea, reprezentan\u021bii institu\u021biei au subliniat c\u0103 cet\u0103\u021benii pot ob\u021bine informa\u021bii despre modul de comportare i\u0302n cazul producerii unor situat\u0326ii de urgent\u0326a\u0306 prin accesarea platformei na\u021bionale de preg\u0103tire \u00een situa\u021bii de urgen\u021b\u0103 <a href=\"https:\/\/fiipregatit.ro\/\" target=\"_blank\">https:\/\/fiipregatit.ro.<\/a><\/p>","protected":false},"excerpt":{"rendered":"<p>\u201d\u00cen intervalul men\u021bionat, \u00een jude\u021bele Dolj, Olt, Teleorman, Giurgiu, Ilfov, municipiul Bucure\u0219ti, precum \u0219i \u00een&hellip;<\/p>\n","protected":false},"author":0,"featured_media":43314,"comment_status":"open","ping_status":"open","sticky":false,"template":"","format":"standard","meta":{"footnotes":""},"categories":[2],"tags":[],"class_list":["post-43313","post","type-post","status-publish","format-standard","has-post-thumbnail","hentry","category-actual"],"_links":{"self":[{"href":"https:\/\/247stiri.ro\/index.php\/wp-json\/wp\/v2\/posts\/43313","targetHints":{"allow":["GET"]}}],"collection":[{"href":"https:\/\/247stiri.ro\/index.php\/wp-json\/wp\/v2\/posts"}],"about":[{"href":"https:\/\/247stiri.ro\/index.php\/wp-json\/wp\/v2\/types\/post"}],"replies":[{"embeddable":true,"href":"https:\/\/247stiri.ro\/index.php\/wp-json\/wp\/v2\/comments?post=43313"}],"version-history":[{"count":0,"href":"https:\/\/247stiri.ro\/index.php\/wp-json\/wp\/v2\/posts\/43313\/revisions"}],"wp:featuredmedia":[{"embeddable":true,"href":"https:\/\/247stiri.ro\/index.php\/wp-json\/wp\/v2\/media\/43314"}],"wp:attachment":[{"href":"https:\/\/247stiri.ro\/index.php\/wp-json\/wp\/v2\/media?parent=43313"}],"wp:term":[{"taxonomy":"category","embeddable":true,"href":"https:\/\/247stiri.ro\/index.php\/wp-json\/wp\/v2\/categories?post=43313"},{"taxonomy":"post_tag","embeddable":true,"href":"https:\/\/247stiri.ro\/index.php\/wp-json\/wp\/v2\/tags?post=43313"}],"curies":[{"name":"wp","href":"https:\/\/api.w.org\/{rel}","templated":true}]}}