{"id":43322,"date":"2025-03-28T10:45:07","date_gmt":"2025-03-28T10:45:07","guid":{"rendered":"https:\/\/247stiri.ro\/index.php\/2025\/03\/28\/crin-antonescu-spune-ca-solicitarea-cna-in-legatura-cu-o-emisiune-a-lui-tuca-este-cenzura\/"},"modified":"2025-03-28T10:45:07","modified_gmt":"2025-03-28T10:45:07","slug":"crin-antonescu-spune-ca-solicitarea-cna-in-legatura-cu-o-emisiune-a-lui-tuca-este-cenzura","status":"publish","type":"post","link":"https:\/\/247stiri.ro\/index.php\/2025\/03\/28\/crin-antonescu-spune-ca-solicitarea-cna-in-legatura-cu-o-emisiune-a-lui-tuca-este-cenzura\/","title":{"rendered":"Crin Antonescu spune c\u0103 solicitarea CNA \u00een leg\u0103tur\u0103 cu o emisiune a lui Tuc\u0103 este cenzur\u0103"},"content":{"rendered":"<p>&#8222;Nu sunt fanul emisiunilor lui Marius Tuc\u0103. Nici nu trebuie, el e ziarist, eu sunt politician. Dar sunt liberal. \u0218i asta \u00eenseamn\u0103 c\u0103 ap\u0103r libertatea de exprimare, chiar \u0219i atunci c\u00e2nd nu sunt de acord cu ce se spune. CNA a cerut YouTube s\u0103 scoat\u0103 o emisiune a lui Tuc\u0103 din cauza opiniilor invitatei. Nu violen\u021b\u0103, nu instigare &#8211; doar o opinie incomod\u0103. Asta nu e reglementare, e cenzur\u0103&#8221;, a scris Antonescu, pe Facebook.<\/p>\n<p>El a ad\u0103ugat c\u0103 atunci c\u00e2nd institu\u021biile statului &#8222;devin b\u00e2te cu care ne lovim adversarii&#8221;, &#8222;s\u0103 nu ne mai mir\u0103m c\u0103 oamenii nu mai au \u00eencredere \u00een nimeni&#8221;.<\/p>\n<p>&#8222;S\u0103 fim aten\u021bi: \u00eentre reglementare \u0219i cenzur\u0103 e o grani\u021b\u0103 fin\u0103. Ca pre\u0219edinte, voi ridica acest subiect \u00een dezbaterea public\u0103 european\u0103. Libertatea nu se ap\u0103r\u0103 singur\u0103&#8221;, a afirmat Antonescu.<\/p>\n<p>CNA a decis, \u00een \u0219edin\u021ba de miercuri, eliminarea unei emisiuni realizate de Marius Tuc\u0103 de pe platforma YouTube, deoarece \u00eencalc\u0103 prevederi din Legea audiovizualului.<\/p>","protected":false},"excerpt":{"rendered":"<p>&#8222;Nu sunt fanul emisiunilor lui Marius Tuc\u0103. Nici nu trebuie, el e ziarist, eu sunt&hellip;<\/p>\n","protected":false},"author":0,"featured_media":43321,"comment_status":"open","ping_status":"open","sticky":false,"template":"","format":"standard","meta":{"footnotes":""},"categories":[2],"tags":[],"class_list":["post-43322","post","type-post","status-publish","format-standard","has-post-thumbnail","hentry","category-actual"],"_links":{"self":[{"href":"https:\/\/247stiri.ro\/index.php\/wp-json\/wp\/v2\/posts\/43322","targetHints":{"allow":["GET"]}}],"collection":[{"href":"https:\/\/247stiri.ro\/index.php\/wp-json\/wp\/v2\/posts"}],"about":[{"href":"https:\/\/247stiri.ro\/index.php\/wp-json\/wp\/v2\/types\/post"}],"replies":[{"embeddable":true,"href":"https:\/\/247stiri.ro\/index.php\/wp-json\/wp\/v2\/comments?post=43322"}],"version-history":[{"count":0,"href":"https:\/\/247stiri.ro\/index.php\/wp-json\/wp\/v2\/posts\/43322\/revisions"}],"wp:featuredmedia":[{"embeddable":true,"href":"https:\/\/247stiri.ro\/index.php\/wp-json\/wp\/v2\/media\/43321"}],"wp:attachment":[{"href":"https:\/\/247stiri.ro\/index.php\/wp-json\/wp\/v2\/media?parent=43322"}],"wp:term":[{"taxonomy":"category","embeddable":true,"href":"https:\/\/247stiri.ro\/index.php\/wp-json\/wp\/v2\/categories?post=43322"},{"taxonomy":"post_tag","embeddable":true,"href":"https:\/\/247stiri.ro\/index.php\/wp-json\/wp\/v2\/tags?post=43322"}],"curies":[{"name":"wp","href":"https:\/\/api.w.org\/{rel}","templated":true}]}}