{"id":43323,"date":"2025-03-28T10:45:07","date_gmt":"2025-03-28T10:45:07","guid":{"rendered":"https:\/\/247stiri.ro\/index.php\/2025\/03\/28\/se-pregateste-audierea-in-parlament-a-lui-vasile-banescu-un-ong-pentru-drepturile-omului-ii-cere-demisia-de-la-cna\/"},"modified":"2025-03-28T10:45:07","modified_gmt":"2025-03-28T10:45:07","slug":"se-pregateste-audierea-in-parlament-a-lui-vasile-banescu-un-ong-pentru-drepturile-omului-ii-cere-demisia-de-la-cna","status":"publish","type":"post","link":"https:\/\/247stiri.ro\/index.php\/2025\/03\/28\/se-pregateste-audierea-in-parlament-a-lui-vasile-banescu-un-ong-pentru-drepturile-omului-ii-cere-demisia-de-la-cna\/","title":{"rendered":"Se preg\u0103te\u0219te audierea \u00een Parlament a lui Vasile B\u0103nescu. Un ONG pentru drepturile omului \u00eei cere demisia de la CNA"},"content":{"rendered":"<p>Practic, <a href=\"https:\/\/www.realitatea.net\/stiri\/actual\/se-cere-demisia-lui-vasile-banescu-dupa-cenzurarea-jurnalistului-marius-tuca_67e6740c0a9b6331333e3c03\" target=\"_blank\">Vasile B\u0103nescu <\/a>a avut \u00eendr\u0103zneala de a aduce \u00een \u0219edin\u021ba CNA urm\u0103torul subiect: Jurnali\u0219tii s\u0103 nu aib\u0103 voie s\u0103 conttrazic\u0103 institu\u021biile statului.<\/p>\n<p>La r\u00e2ndul s\u0103u deputatul AUR, Mihail Neam\u021bu, pre\u0219edintele Comisiei pentru cultur\u0103, arte \u0219i mijloace de informare \u00een mas\u0103 din Camera Deputa\u021bilor, a lansat acuza\u021bii grave de cenzur\u0103 la adresa CNA \u0219i cere public prezen\u021ba lui Vasile B\u0103nescu, \u00een fa\u021ba comisiei parlamentare.<\/p>\n<p>Mihail Neam\u021bu a afirmat c\u0103 Rom\u00e2nia traverseaz\u0103 o perioad\u0103 \u00een care \u201enu neap\u0103rat original, ci mai degrab\u0103 reciclat din epoci apuse\u201d, se manifest\u0103 \u201et\u0103cerea complice, ritualul obedien\u021bei\u201d \u0219i \u201ecenzura institu\u021bionalizat\u0103\u201d.<\/p>\n<p>Concret, politicianul AUR a f\u0103cut referire la decizia CNA din 26 martie 2025, prin care a fost eliminat un clip realizat de jurnalistul Marius Tuc\u0103, \u00een care acesta sugera c\u0103 democra\u021bia rom\u00e2neasc\u0103 ar fi fost \u201ec\u0103lcat\u0103 \u00een picioare\u201d prin recentele decizii ale Biroului Electoral Central.\u00a0<\/p>\n<p>Mai mult, el sus\u021bine c\u0103 Vasile B\u0103nescu a sus\u021binut aceast\u0103 decizie, pe care o calific\u0103 drept \u201eeliminarea abuziv\u0103 a principiului latinesc audiatur et altera pars\u201d.<\/p>\n<p>\u201eIat\u0103-ne procopsi\u021bi cu un nou Mare Inchizitor, nu \u00een sensul clerical al secolului al XVI-lea, ci \u00eentr-o variant\u0103 adaptat\u0103 mileniului III. Nu se ard c\u0103r\u021bi, dar se \u00eenchid guri. Nu se tortureaz\u0103 corpuri, ci se reduc la t\u0103cere opinii dizidente. Nu se invoc\u0103 numele lui Torquemada, ci al Legii 504\/2002\u201d, scrie Mihai Neam\u021bu, \u00eentr-o declara\u021bie de pres\u0103 intitulat\u0103 \u201eMarele Inchizitor &amp; Ciuma Cenzurii\u201d.<\/p>\n<p>Inspir\u00e2ndu-se din romanul Ciuma de Albert Camus, parlamentarul afirm\u0103 c\u0103 Rom\u00e2nia nu se confrunt\u0103 doar cu o criz\u0103 a libert\u0103\u021bii de exprimare, ci cu o \u201epandemie moral\u0103\u201d, \u00een care \u201ebirocratul care-\u0219i face treaba \u00abca la carte\u00bb\u201d devine complice al t\u0103cerii \u0219i al conformismului. \u201e\u00cen cazul nostru, ciuma are mirosul cenzurii institu\u021bionalizate, discret parfumat\u0103 cu lavand\u0103 bruxellez\u0103\u201d, a mai transmis deputatul AUR.<\/p>\n<p>\u201eC\u00e2ndva un om rezonabil, Vasile B\u0103nescu a devenit un personaj distopic, hot\u0103r\u00e2t s\u0103 pun\u0103 sechestru pe orice \u00eenseamn\u0103 opozi\u021bie la Ministerul Adev\u0103rului.\u201d El adaug\u0103 c\u0103, \u00een viziunea acestuia, \u201elibertatea \u00eenseamn\u0103 s\u0103 spui c\u0103 \u00abdemocra\u021bia func\u021bioneaz\u0103 impecabil\u00bb, indiferent c\u00e2\u021bi candida\u021bi la alegerile preziden\u021biale sunt elimina\u021bi din curs\u0103\u201d, a scris Mihai Neam\u021bu despre Vasile B\u0103nescu.\u00a0<\/p>\n<p>De asemenea, deputatul sus\u021bine c\u0103 \u201eobsesia controlului \u0219i a consensului\u201d define\u0219te actuala guvernare \u0219i climatul mediatic, acuz\u00e2nd o \u201ecenzur\u0103 de catifea\u201d care este \u201emai letal\u0103 dec\u00e2t vociferarea unei mul\u021bimi nemul\u021bumite\u201d. El sus\u021bine c\u0103 \u201eap\u0103rarea libert\u0103\u021bii de exprimare nu poate fi l\u0103sat\u0103 pe seama acelora care confund\u0103 critica gazet\u0103reasc\u0103 cu \u00abblasfemia\u00bb fa\u021b\u0103 de ortodoxia globalist\u0103\u201d.<\/p>\n<p>\u00cen plus, acesta solicit\u0103 oficial prezen\u021ba lui Vasile B\u0103nescu la o \u00eent\u00e2lnire cu membrii comisiei parlamentare de control al activit\u0103\u021bilor CNA, programat\u0103 pentru mar\u021bi, 1 aprilie, ora 14:00.\u00a0<\/p>\n<p>\u201eCerem explica\u021bii scrise \u0219i verbale pentru acest comportament abuziv. E timpul s\u0103 ne revenim \u00een fire\u201d, a conchis Mihai Neam\u021bu.<\/p>\n<p>\u00a0<\/p>\n<p>\u00a0<\/p>\n<p>\u00a0<\/p>\n<p>\u00a0<\/p>","protected":false},"excerpt":{"rendered":"<p>Practic, Vasile B\u0103nescu a avut \u00eendr\u0103zneala de a aduce \u00een \u0219edin\u021ba CNA urm\u0103torul subiect: Jurnali\u0219tii&hellip;<\/p>\n","protected":false},"author":0,"featured_media":43324,"comment_status":"open","ping_status":"open","sticky":false,"template":"","format":"standard","meta":{"footnotes":""},"categories":[2],"tags":[],"class_list":["post-43323","post","type-post","status-publish","format-standard","has-post-thumbnail","hentry","category-actual"],"_links":{"self":[{"href":"https:\/\/247stiri.ro\/index.php\/wp-json\/wp\/v2\/posts\/43323","targetHints":{"allow":["GET"]}}],"collection":[{"href":"https:\/\/247stiri.ro\/index.php\/wp-json\/wp\/v2\/posts"}],"about":[{"href":"https:\/\/247stiri.ro\/index.php\/wp-json\/wp\/v2\/types\/post"}],"replies":[{"embeddable":true,"href":"https:\/\/247stiri.ro\/index.php\/wp-json\/wp\/v2\/comments?post=43323"}],"version-history":[{"count":0,"href":"https:\/\/247stiri.ro\/index.php\/wp-json\/wp\/v2\/posts\/43323\/revisions"}],"wp:featuredmedia":[{"embeddable":true,"href":"https:\/\/247stiri.ro\/index.php\/wp-json\/wp\/v2\/media\/43324"}],"wp:attachment":[{"href":"https:\/\/247stiri.ro\/index.php\/wp-json\/wp\/v2\/media?parent=43323"}],"wp:term":[{"taxonomy":"category","embeddable":true,"href":"https:\/\/247stiri.ro\/index.php\/wp-json\/wp\/v2\/categories?post=43323"},{"taxonomy":"post_tag","embeddable":true,"href":"https:\/\/247stiri.ro\/index.php\/wp-json\/wp\/v2\/tags?post=43323"}],"curies":[{"name":"wp","href":"https:\/\/api.w.org\/{rel}","templated":true}]}}