{"id":43332,"date":"2025-03-28T11:45:05","date_gmt":"2025-03-28T11:45:05","guid":{"rendered":"https:\/\/247stiri.ro\/index.php\/2025\/03\/28\/politist-depistat-in-trafic-cu-permisul-suspendat-ce-explicatie-a-dat\/"},"modified":"2025-03-28T11:45:05","modified_gmt":"2025-03-28T11:45:05","slug":"politist-depistat-in-trafic-cu-permisul-suspendat-ce-explicatie-a-dat","status":"publish","type":"post","link":"https:\/\/247stiri.ro\/index.php\/2025\/03\/28\/politist-depistat-in-trafic-cu-permisul-suspendat-ce-explicatie-a-dat\/","title":{"rendered":"Poli\u021bist depistat \u00een trafic cu permisul SUSPENDAT. Ce explica\u021bie a dat"},"content":{"rendered":"<p>\u201dLa data de 27 martie, \u00een jurul orei 18.30, poli\u0163i\u015ftii din cadrul Poli\u0163iei Municipiului Constan\u0163a \u2013 Serviciul Municipal de Siguran\u0163\u0103 Rutier\u0103 au identificat un b\u0103rbat, de 25 de ani, care ar fi condus un autoturism pe bulevardul Tomis av\u00e2nd suspendat\u0103 exercitarea dreptului de a conduce vehicule pe drumurile publice. \u00cen urma verific\u0103rilor efectuate s-a constatat c\u0103 acesta este poli\u0163ist, aflat \u00een timpul liber\u201d, au afirmat, vineri, reprezentan\u0163ii IPJ Constan\u0163a.<\/p>\n<p>Potrivit sursei citate, poli\u0163istul respectiv sus\u0163ine c\u0103 nu \u015ftia c\u0103 are suspendat dreptul de a conduce.<\/p>\n<p>\u201d\u00cen cauz\u0103 au fost efectuate primele verific\u0103ri, poli\u0163istul declar\u00e2nd c\u0103 nu i s-ar fi adus la cuno\u015ftin\u0163\u0103 faptul c\u0103 ar avea suspendat\u0103 exercitarea dreptului de a conduce vehicule pe drumurile publice pentru perioada \u00een curs. Aceste aspecte urmeaz\u0103 a fi verificate de structura abilitat\u0103 din cadrul Inspectoratului de Poli\u0163ie Jude\u0163ean Constan\u0163a\u201d, au mai transmis poli\u0163i\u015ftii. const\u0103n\u021beni.<\/p>\n<p>\u00a0\u00a0\u00a0\u00a0\u00a0\u00a0\u00a0\u00a0\u00a0\u00a0\u00a0\u00a0\u00a0\u00a0\u00a0\u00a0\u00a0\u00a0\u00a0\u00a0\u00a0\u00a0\u00a0\u00a0\u00a0\u00a0\u00a0\u00a0\u00a0\u00a0\u00a0\u00a0\u00a0\u00a0\u00a0\u00a0\u00a0\u00a0\u00a0<\/p>","protected":false},"excerpt":{"rendered":"<p>\u201dLa data de 27 martie, \u00een jurul orei 18.30, poli\u0163i\u015ftii din cadrul Poli\u0163iei Municipiului Constan\u0163a&hellip;<\/p>\n","protected":false},"author":0,"featured_media":43333,"comment_status":"open","ping_status":"open","sticky":false,"template":"","format":"standard","meta":{"footnotes":""},"categories":[2],"tags":[],"class_list":["post-43332","post","type-post","status-publish","format-standard","has-post-thumbnail","hentry","category-actual"],"_links":{"self":[{"href":"https:\/\/247stiri.ro\/index.php\/wp-json\/wp\/v2\/posts\/43332","targetHints":{"allow":["GET"]}}],"collection":[{"href":"https:\/\/247stiri.ro\/index.php\/wp-json\/wp\/v2\/posts"}],"about":[{"href":"https:\/\/247stiri.ro\/index.php\/wp-json\/wp\/v2\/types\/post"}],"replies":[{"embeddable":true,"href":"https:\/\/247stiri.ro\/index.php\/wp-json\/wp\/v2\/comments?post=43332"}],"version-history":[{"count":0,"href":"https:\/\/247stiri.ro\/index.php\/wp-json\/wp\/v2\/posts\/43332\/revisions"}],"wp:featuredmedia":[{"embeddable":true,"href":"https:\/\/247stiri.ro\/index.php\/wp-json\/wp\/v2\/media\/43333"}],"wp:attachment":[{"href":"https:\/\/247stiri.ro\/index.php\/wp-json\/wp\/v2\/media?parent=43332"}],"wp:term":[{"taxonomy":"category","embeddable":true,"href":"https:\/\/247stiri.ro\/index.php\/wp-json\/wp\/v2\/categories?post=43332"},{"taxonomy":"post_tag","embeddable":true,"href":"https:\/\/247stiri.ro\/index.php\/wp-json\/wp\/v2\/tags?post=43332"}],"curies":[{"name":"wp","href":"https:\/\/api.w.org\/{rel}","templated":true}]}}