{"id":43334,"date":"2025-03-28T11:45:06","date_gmt":"2025-03-28T11:45:06","guid":{"rendered":"https:\/\/247stiri.ro\/index.php\/2025\/03\/28\/celebra-pianista-martha-argerich-a-fost-decorata-de-statul-roman\/"},"modified":"2025-03-28T11:45:06","modified_gmt":"2025-03-28T11:45:06","slug":"celebra-pianista-martha-argerich-a-fost-decorata-de-statul-roman","status":"publish","type":"post","link":"https:\/\/247stiri.ro\/index.php\/2025\/03\/28\/celebra-pianista-martha-argerich-a-fost-decorata-de-statul-roman\/","title":{"rendered":"Celebra pianist\u0103 Martha Argerich a fost decorat\u0103 de statul rom\u00e2n"},"content":{"rendered":"<p>La evenimentul de joi au participat Andreea Gu\u0163u, Charge d\u2019Affaires ad interim la Ambasada Rom\u00e2n\u0103 de la Berna, regizorul Daniele Finzi Pasca, violoncelistul Mischa Maisky, directorul general al Lugano \u201eArte e Cultura\u201d Michel Gagnon, directorul general al Radioteleviziunii Elve\u0163iene &#8211; SRG SSR Svizra Rumantscha Vincent Augustin, precum \u015fi numero\u015fi invita\u0163i interna\u0163ionali.<\/p>\n<p>La primirea distinc\u0163iei, Martha Argerich a mul\u0163umit \u015fi a subliniat leg\u0103turile \u015fi prietenia cu mari arti\u015fti de origine rom\u00e2n\u0103, \u00eencep\u00e2nd cu Ion Marin, Radu Lupu, Sergiu Celibidache, Madeleine \u015fi Dinu Lipatti, Clara Haskil \u015fi Eugen Ionescu.<\/p>\n<p>De asemenea, Marta Argerich \u015fi-a exprimat bucuria de a se \u00eentoarce \u00een aceast\u0103 toamn\u0103 la Bucure\u015fti pentru dou\u0103 concerte \u00een cadrul Festivalului Interna\u0163ional \u201eGeorge Enescu\u201d. Totodat\u0103, faimoasa pianist\u0103 a confirmat participarea la o serie de \u00eent\u00e2lniri organizate cu copiii din Cantus Mundi, cel mai mare program de integrare social\u0103 prin muzic\u0103 a copiilor din Rom\u00e2nia, derulat de Corul Madrigal.<\/p>\n<p>Martha Argerich face parte din grupul de sus\u0163in\u0103tori interna\u0163ionali ai Programului Na\u0163ional Cantus Mundi \u00eenc\u0103 de la fondarea acestuia, la ini\u0163iativa maestrului Ion Marin.<\/p>","protected":false},"excerpt":{"rendered":"<p>La evenimentul de joi au participat Andreea Gu\u0163u, Charge d\u2019Affaires ad interim la Ambasada Rom\u00e2n\u0103&hellip;<\/p>\n","protected":false},"author":0,"featured_media":43335,"comment_status":"open","ping_status":"open","sticky":false,"template":"","format":"standard","meta":{"footnotes":""},"categories":[2],"tags":[],"class_list":["post-43334","post","type-post","status-publish","format-standard","has-post-thumbnail","hentry","category-actual"],"_links":{"self":[{"href":"https:\/\/247stiri.ro\/index.php\/wp-json\/wp\/v2\/posts\/43334","targetHints":{"allow":["GET"]}}],"collection":[{"href":"https:\/\/247stiri.ro\/index.php\/wp-json\/wp\/v2\/posts"}],"about":[{"href":"https:\/\/247stiri.ro\/index.php\/wp-json\/wp\/v2\/types\/post"}],"replies":[{"embeddable":true,"href":"https:\/\/247stiri.ro\/index.php\/wp-json\/wp\/v2\/comments?post=43334"}],"version-history":[{"count":0,"href":"https:\/\/247stiri.ro\/index.php\/wp-json\/wp\/v2\/posts\/43334\/revisions"}],"wp:featuredmedia":[{"embeddable":true,"href":"https:\/\/247stiri.ro\/index.php\/wp-json\/wp\/v2\/media\/43335"}],"wp:attachment":[{"href":"https:\/\/247stiri.ro\/index.php\/wp-json\/wp\/v2\/media?parent=43334"}],"wp:term":[{"taxonomy":"category","embeddable":true,"href":"https:\/\/247stiri.ro\/index.php\/wp-json\/wp\/v2\/categories?post=43334"},{"taxonomy":"post_tag","embeddable":true,"href":"https:\/\/247stiri.ro\/index.php\/wp-json\/wp\/v2\/tags?post=43334"}],"curies":[{"name":"wp","href":"https:\/\/api.w.org\/{rel}","templated":true}]}}