{"id":43344,"date":"2025-03-28T12:45:01","date_gmt":"2025-03-28T12:45:01","guid":{"rendered":"https:\/\/247stiri.ro\/index.php\/2025\/03\/28\/noi-dovezi-privind-implicarea-francezilor-in-institutiile-din-romania-vizita-dubioasa-a-ambasadorului-frantei-cu-cine-s-a-intalnit\/"},"modified":"2025-03-28T12:45:01","modified_gmt":"2025-03-28T12:45:01","slug":"noi-dovezi-privind-implicarea-francezilor-in-institutiile-din-romania-vizita-dubioasa-a-ambasadorului-frantei-cu-cine-s-a-intalnit","status":"publish","type":"post","link":"https:\/\/247stiri.ro\/index.php\/2025\/03\/28\/noi-dovezi-privind-implicarea-francezilor-in-institutiile-din-romania-vizita-dubioasa-a-ambasadorului-frantei-cu-cine-s-a-intalnit\/","title":{"rendered":"Noi DOVEZI privind implicarea francezilor \u00een institu\u021biile din Rom\u00e2nia! Vizita dubioas\u0103 a ambasadorului Fran\u021bei: cu cine s-a \u00eent\u00e2lnit"},"content":{"rendered":"<p>Dup\u0103 cum bine \u0219tim, \u00een urm\u0103 cu aproximativ trei s\u0103pt\u0103m\u00e2ni, pre\u0219edintele CCR s-a \u00eent\u00e2lnit cu ambasadorul Fran\u021bei la Bucure\u0219ti. C\u00e2teva zile mai t\u00e2rziu a avut loc \u0219i eliminarea din cursa preziden\u021bial\u0103 de c\u0103tre CCR a lui C\u0103lin Georgescu.<\/p>\n<p>\u00cen acela\u0219i an electoral, ambasadorul francez a avut \u00eent\u00e2lniri controversate \u0219i membrii CNA.<\/p>\n<p>Anul trecut, respectiv la data de 12 aprilie, Consiliul Na\u021bional al Audiovizualului \u0219i cu sprijinul Fran\u021bei a organizat \u201eo sesiune de lucru comun\u0103 pe tema noilor reglement\u0103ri europene \u00een domeniul furniz\u0103rii de servicii media audiovizuale\u201d, se arat\u0103 \u00eentr-un comunicat de pe site-ul CNA.\u00a0<\/p>","protected":false},"excerpt":{"rendered":"<p>Dup\u0103 cum bine \u0219tim, \u00een urm\u0103 cu aproximativ trei s\u0103pt\u0103m\u00e2ni, pre\u0219edintele CCR s-a \u00eent\u00e2lnit cu&hellip;<\/p>\n","protected":false},"author":0,"featured_media":43345,"comment_status":"open","ping_status":"open","sticky":false,"template":"","format":"standard","meta":{"footnotes":""},"categories":[3],"tags":[],"class_list":["post-43344","post","type-post","status-publish","format-standard","has-post-thumbnail","hentry","category-politica"],"_links":{"self":[{"href":"https:\/\/247stiri.ro\/index.php\/wp-json\/wp\/v2\/posts\/43344","targetHints":{"allow":["GET"]}}],"collection":[{"href":"https:\/\/247stiri.ro\/index.php\/wp-json\/wp\/v2\/posts"}],"about":[{"href":"https:\/\/247stiri.ro\/index.php\/wp-json\/wp\/v2\/types\/post"}],"replies":[{"embeddable":true,"href":"https:\/\/247stiri.ro\/index.php\/wp-json\/wp\/v2\/comments?post=43344"}],"version-history":[{"count":0,"href":"https:\/\/247stiri.ro\/index.php\/wp-json\/wp\/v2\/posts\/43344\/revisions"}],"wp:featuredmedia":[{"embeddable":true,"href":"https:\/\/247stiri.ro\/index.php\/wp-json\/wp\/v2\/media\/43345"}],"wp:attachment":[{"href":"https:\/\/247stiri.ro\/index.php\/wp-json\/wp\/v2\/media?parent=43344"}],"wp:term":[{"taxonomy":"category","embeddable":true,"href":"https:\/\/247stiri.ro\/index.php\/wp-json\/wp\/v2\/categories?post=43344"},{"taxonomy":"post_tag","embeddable":true,"href":"https:\/\/247stiri.ro\/index.php\/wp-json\/wp\/v2\/tags?post=43344"}],"curies":[{"name":"wp","href":"https:\/\/api.w.org\/{rel}","templated":true}]}}