{"id":43362,"date":"2025-03-28T13:49:22","date_gmt":"2025-03-28T13:49:22","guid":{"rendered":"https:\/\/247stiri.ro\/index.php\/2025\/03\/28\/victor-ponta-intalnire-de-taina-cu-oficialii-pro-rusi-ce-pune-la-cale-suveranistul-vopsit\/"},"modified":"2025-03-28T13:49:22","modified_gmt":"2025-03-28T13:49:22","slug":"victor-ponta-intalnire-de-taina-cu-oficialii-pro-rusi-ce-pune-la-cale-suveranistul-vopsit","status":"publish","type":"post","link":"https:\/\/247stiri.ro\/index.php\/2025\/03\/28\/victor-ponta-intalnire-de-taina-cu-oficialii-pro-rusi-ce-pune-la-cale-suveranistul-vopsit\/","title":{"rendered":"Victor Ponta, \u00eent\u00e2lnire de tain\u0103 cu oficialii pro-ru\u0219i. Ce pune la cale suveranistul vopsit"},"content":{"rendered":"<p>Victor Ponta s-a \u00eent\u00e2lnit cu primarul Chi\u0219in\u0103ului, Ion Ciban, dar \u0219i cu Marian Lupu, politicianul care a negat existen\u021ba limbii rom\u00e2ne \u00een Republica Moldova.\u00a0<\/p>\n<p>Suveranistul vopsit nu doar c\u0103 s-a l\u0103udat cu aceast\u0103 \u00eent\u00e2lnire, ci a postat pe pagina sa de Facebook o fotografie cu primarul Ion Ciban.<\/p>\n<p>\u201dAzi, cu Dl Ion Ceban &#8211; Primarul General al Chisinaului , am discutat despre viitorul Romaniei si al Republicii Moldova! Doar impreuna putem sa trecem peste vremurile grele de acum\u201d\u201d, a scris <a href=\"https:\/\/www.realitatea.net\/stiri\/actual\/kelemen-hunor-atac-dur-la-adresa-suveranstului-vopsit-domnul-ponta-bate-campii-dar-nu-e-prima-data_67e697e568126d37c855be12\" target=\"_blank\">Ponta<\/a>, pe pagina sa de Facebook.\u00a0<\/p>\n\n<p>Ion Ceban este cunoscut pentru apropierea sa de Rusia. Presa din Moldova a dezv\u0103luit c\u0103 edilul a zburat la Moscova, \u00eempreun\u0103 cu so\u021bia sa, cu o zi \u00eenainte de invadarea Ucrainei de c\u0103tre Rusia. A \u021binut aceast\u0103 c\u0103l\u0103torie secret\u0103 \u0219i a refuzat \u00een mod constant s\u0103 r\u0103spund\u0103 la \u00eentreb\u0103rile jurnali\u0219tilor pe aceast\u0103 tem\u0103.\u00a0<\/p>\n<p>\u00a0<\/p>","protected":false},"excerpt":{"rendered":"<p>Victor Ponta s-a \u00eent\u00e2lnit cu primarul Chi\u0219in\u0103ului, Ion Ciban, dar \u0219i cu Marian Lupu, politicianul&hellip;<\/p>\n","protected":false},"author":0,"featured_media":43355,"comment_status":"open","ping_status":"open","sticky":false,"template":"","format":"standard","meta":{"footnotes":""},"categories":[2],"tags":[],"class_list":["post-43362","post","type-post","status-publish","format-standard","has-post-thumbnail","hentry","category-actual"],"_links":{"self":[{"href":"https:\/\/247stiri.ro\/index.php\/wp-json\/wp\/v2\/posts\/43362","targetHints":{"allow":["GET"]}}],"collection":[{"href":"https:\/\/247stiri.ro\/index.php\/wp-json\/wp\/v2\/posts"}],"about":[{"href":"https:\/\/247stiri.ro\/index.php\/wp-json\/wp\/v2\/types\/post"}],"replies":[{"embeddable":true,"href":"https:\/\/247stiri.ro\/index.php\/wp-json\/wp\/v2\/comments?post=43362"}],"version-history":[{"count":0,"href":"https:\/\/247stiri.ro\/index.php\/wp-json\/wp\/v2\/posts\/43362\/revisions"}],"wp:featuredmedia":[{"embeddable":true,"href":"https:\/\/247stiri.ro\/index.php\/wp-json\/wp\/v2\/media\/43355"}],"wp:attachment":[{"href":"https:\/\/247stiri.ro\/index.php\/wp-json\/wp\/v2\/media?parent=43362"}],"wp:term":[{"taxonomy":"category","embeddable":true,"href":"https:\/\/247stiri.ro\/index.php\/wp-json\/wp\/v2\/categories?post=43362"},{"taxonomy":"post_tag","embeddable":true,"href":"https:\/\/247stiri.ro\/index.php\/wp-json\/wp\/v2\/tags?post=43362"}],"curies":[{"name":"wp","href":"https:\/\/api.w.org\/{rel}","templated":true}]}}