{"id":43363,"date":"2025-03-28T13:49:22","date_gmt":"2025-03-28T13:49:22","guid":{"rendered":"https:\/\/247stiri.ro\/index.php\/2025\/03\/28\/incident-grav-in-prahova-un-copac-a-cazut-peste-o-masina-in-care-se-aflau-doua-persoane-intre-care-un-copil\/"},"modified":"2025-03-28T13:49:22","modified_gmt":"2025-03-28T13:49:22","slug":"incident-grav-in-prahova-un-copac-a-cazut-peste-o-masina-in-care-se-aflau-doua-persoane-intre-care-un-copil","status":"publish","type":"post","link":"https:\/\/247stiri.ro\/index.php\/2025\/03\/28\/incident-grav-in-prahova-un-copac-a-cazut-peste-o-masina-in-care-se-aflau-doua-persoane-intre-care-un-copil\/","title":{"rendered":"Incident grav \u00een Prahova. Un copac a c\u0103zut peste o ma\u0219in\u0103 \u00een care se aflau dou\u0103 persoane, \u00eentre care un copil"},"content":{"rendered":"<p>Din primele informa\u021bii, incidentul s-a petrecut \u00een comuna prahovean\u0103 Tinosu, \u00een timp ce ma\u0219ina, \u00een care se aflau \u0219oferul \u0219i un copil minor, se afla \u00een mers.\u00a0<\/p>\n<p>La scurt timp, la fa\u021ba locului, pompierii din cadrul ISU Prahova au intervenit pentru \u00eendep\u0103rtarea arborelui.\u00a0<\/p>\n<p>Reprezentan\u021bii ISU Prahova au transmis c\u0103 \u00een urma acestui incident, \u00a0adultul a suferit un atac de panic\u0103, \u00eens\u0103 a refuzat s\u0103 fie transportat la spital, potrivit <a href=\"https:\/\/www.news.ro\/eveniment\/prahova-copac-cazut-peste-un-autoturism-in-care-se-aflau-doua-persoane-intre-care-un-copil-1922404528122025031321982378\" target=\"_blank\">news.ro.<\/a> Din fericire, minorul nu a fost r\u0103nit.<\/p>\n<p>V\u00e2ntul puternic a f\u0103cut pr\u0103p\u0103d \u0219i \u00een localit\u0103\u021bile Ploie\u015fti \u015fi P\u0103ule\u015fti, unde trei <a href=\"https:\/\/www.realitatea.net\/stiri\/actual\/vantul-puternic-a-facut-prapad-in-craiova-garduri-si-copaci-doborati-in-doar-cateva-minute_67e65da46e59e072587a9e42\" target=\"_blank\">arbori au fost rup\u0163<\/a>i de rafale \u0219i au c\u0103zut pe carosabil, \u00eens\u0103 nu au fost raportate pagube materiale sau victime.<\/p>","protected":false},"excerpt":{"rendered":"<p>Din primele informa\u021bii, incidentul s-a petrecut \u00een comuna prahovean\u0103 Tinosu, \u00een timp ce ma\u0219ina, \u00een&hellip;<\/p>\n","protected":false},"author":0,"featured_media":43364,"comment_status":"open","ping_status":"open","sticky":false,"template":"","format":"standard","meta":{"footnotes":""},"categories":[2],"tags":[],"class_list":["post-43363","post","type-post","status-publish","format-standard","has-post-thumbnail","hentry","category-actual"],"_links":{"self":[{"href":"https:\/\/247stiri.ro\/index.php\/wp-json\/wp\/v2\/posts\/43363","targetHints":{"allow":["GET"]}}],"collection":[{"href":"https:\/\/247stiri.ro\/index.php\/wp-json\/wp\/v2\/posts"}],"about":[{"href":"https:\/\/247stiri.ro\/index.php\/wp-json\/wp\/v2\/types\/post"}],"replies":[{"embeddable":true,"href":"https:\/\/247stiri.ro\/index.php\/wp-json\/wp\/v2\/comments?post=43363"}],"version-history":[{"count":0,"href":"https:\/\/247stiri.ro\/index.php\/wp-json\/wp\/v2\/posts\/43363\/revisions"}],"wp:featuredmedia":[{"embeddable":true,"href":"https:\/\/247stiri.ro\/index.php\/wp-json\/wp\/v2\/media\/43364"}],"wp:attachment":[{"href":"https:\/\/247stiri.ro\/index.php\/wp-json\/wp\/v2\/media?parent=43363"}],"wp:term":[{"taxonomy":"category","embeddable":true,"href":"https:\/\/247stiri.ro\/index.php\/wp-json\/wp\/v2\/categories?post=43363"},{"taxonomy":"post_tag","embeddable":true,"href":"https:\/\/247stiri.ro\/index.php\/wp-json\/wp\/v2\/tags?post=43363"}],"curies":[{"name":"wp","href":"https:\/\/api.w.org\/{rel}","templated":true}]}}