{"id":43365,"date":"2025-03-28T13:49:23","date_gmt":"2025-03-28T13:49:23","guid":{"rendered":"https:\/\/247stiri.ro\/index.php\/2025\/03\/28\/ancheta-uriasa-la-buzau-intr-un-dosar-de-omor-dupa-ce-trupurile-carbonizate-a-doua-persoane-au-fost-gasite-intr-o-masina\/"},"modified":"2025-03-28T13:49:23","modified_gmt":"2025-03-28T13:49:23","slug":"ancheta-uriasa-la-buzau-intr-un-dosar-de-omor-dupa-ce-trupurile-carbonizate-a-doua-persoane-au-fost-gasite-intr-o-masina","status":"publish","type":"post","link":"https:\/\/247stiri.ro\/index.php\/2025\/03\/28\/ancheta-uriasa-la-buzau-intr-un-dosar-de-omor-dupa-ce-trupurile-carbonizate-a-doua-persoane-au-fost-gasite-intr-o-masina\/","title":{"rendered":"Anchet\u0103 uria\u0219\u0103 la Buz\u0103u \u00eentr-un dosar de OMOR, dup\u0103 ce trupurile carbonizate a dou\u0103 persoane au fost g\u0103site \u00eentr-o ma\u015fin\u0103"},"content":{"rendered":"<p>\u201eProcurori din cadrul Parchetului de pe l\u00e2ng\u0103 Tribunalul Buz\u0103u efectueaz\u0103 cercet\u0103ri cu privire la s\u0103v\u00e2r\u015firea infrac\u0163iunii de omor, pentru a stabili \u00eemprejur\u0103rirle \u00een care, \u00een noaptea de 27\/28 martie 2025, pe raza comunei N\u0103eni, jude\u0163ul Buz\u0103u, au fost g\u0103site decedate (carbonizate), \u00eentr-un autoturism incendiat dou\u0103 persoane de sex masculin \u015fi feminin\u201d, informeaz\u0103, vineri, Biroul de Pres\u0103 al Parchetului de pe l\u00e2ng\u0103 Tribunalul Buz\u0103u.<\/p>\n<p>Potrivit sursei citate, din primele verific\u0103ri exist\u0103 indicii c\u0103 persoanele carbonizate sunt so\u0163 \u015fi so\u0163ie, desp\u0103r\u0163i\u0163i \u00een fapt, \u015fi c\u0103 so\u0163ul, dup\u0103 ce a ucis-o, s-a sinucis, d\u00e2nd foc autoturismului \u00een care se aflau pe bancheta din spate.<\/p>\n<p>Cele dou\u0103 persoane au fost g\u0103site carbonizate \u00eentr-o ma\u015fin\u0103 ars\u0103 pe un drum din jude\u0163ul Buz\u0103u care leag\u0103 comunele Breaza \u015fi N\u0103eni.<\/p>\n<p>Una dinte victime ar fi o femeie de 27 de ani care ar locui la N\u0103eni \u015fi care a plecat la serviciu joi diminea\u0163\u0103, cu ma\u015fina personal\u0103. Pentru c\u0103 nu a mai ajuns acas\u0103, rudele au anun\u0163at Poli\u0163ia, care a demarat c\u0103ut\u0103ri \u015fi a\u015fa a fost g\u0103sit\u0103 ma\u015fina f\u0103cut\u0103 scrum cu cele dou\u0103 cadavre \u00een interior.<\/p>\n<p>Femeia era desp\u0103r\u0163it\u0103 recent, iar fostul partener, cu care avea un copil, locuia la Breaza.<\/p>\n<p>Poli\u0163i\u015ftii au mers la locuin\u0163a acestuia, \u00eens\u0103 nici el nu a fost g\u0103sit acas\u0103, motiv pentru care anchetatorii au luat \u00een calcul de la \u00eenceput ca el s\u0103 fie cea de-a doua persoan\u0103 din autoturism.<\/p>","protected":false},"excerpt":{"rendered":"<p>\u201eProcurori din cadrul Parchetului de pe l\u00e2ng\u0103 Tribunalul Buz\u0103u efectueaz\u0103 cercet\u0103ri cu privire la s\u0103v\u00e2r\u015firea&hellip;<\/p>\n","protected":false},"author":0,"featured_media":43366,"comment_status":"open","ping_status":"open","sticky":false,"template":"","format":"standard","meta":{"footnotes":""},"categories":[2],"tags":[],"class_list":["post-43365","post","type-post","status-publish","format-standard","has-post-thumbnail","hentry","category-actual"],"_links":{"self":[{"href":"https:\/\/247stiri.ro\/index.php\/wp-json\/wp\/v2\/posts\/43365","targetHints":{"allow":["GET"]}}],"collection":[{"href":"https:\/\/247stiri.ro\/index.php\/wp-json\/wp\/v2\/posts"}],"about":[{"href":"https:\/\/247stiri.ro\/index.php\/wp-json\/wp\/v2\/types\/post"}],"replies":[{"embeddable":true,"href":"https:\/\/247stiri.ro\/index.php\/wp-json\/wp\/v2\/comments?post=43365"}],"version-history":[{"count":0,"href":"https:\/\/247stiri.ro\/index.php\/wp-json\/wp\/v2\/posts\/43365\/revisions"}],"wp:featuredmedia":[{"embeddable":true,"href":"https:\/\/247stiri.ro\/index.php\/wp-json\/wp\/v2\/media\/43366"}],"wp:attachment":[{"href":"https:\/\/247stiri.ro\/index.php\/wp-json\/wp\/v2\/media?parent=43365"}],"wp:term":[{"taxonomy":"category","embeddable":true,"href":"https:\/\/247stiri.ro\/index.php\/wp-json\/wp\/v2\/categories?post=43365"},{"taxonomy":"post_tag","embeddable":true,"href":"https:\/\/247stiri.ro\/index.php\/wp-json\/wp\/v2\/tags?post=43365"}],"curies":[{"name":"wp","href":"https:\/\/api.w.org\/{rel}","templated":true}]}}