{"id":43373,"date":"2025-03-28T14:45:20","date_gmt":"2025-03-28T14:45:20","guid":{"rendered":"https:\/\/247stiri.ro\/index.php\/2025\/03\/28\/decizie-istorica-in-biserica-ortodoxa-romana-o-serie-de-femei-vor-fi-canonizate-in-2026\/"},"modified":"2025-03-28T14:45:20","modified_gmt":"2025-03-28T14:45:20","slug":"decizie-istorica-in-biserica-ortodoxa-romana-o-serie-de-femei-vor-fi-canonizate-in-2026","status":"publish","type":"post","link":"https:\/\/247stiri.ro\/index.php\/2025\/03\/28\/decizie-istorica-in-biserica-ortodoxa-romana-o-serie-de-femei-vor-fi-canonizate-in-2026\/","title":{"rendered":"Decizie istoric\u0103 \u00een Biserica Ortodox\u0103 Rom\u00e2n\u0103. O serie de FEMEI vor fi canonizate \u00een 2026"},"content":{"rendered":"<p>\u00centr-un demers care reafirm\u0103 voca\u021bia Bisericii de a cinsti \u0219i de a pune \u00een lumin\u0103 modele de via\u021b\u0103 cre\u0219tin\u0103 autentic\u0103, Sf\u00e2ntul Sinod a decis \u00eenceperea procesului de recunoa\u0219tere oficial\u0103 a sfin\u021beniei unor femei care, prin jertf\u0103, evlavie \u0219i d\u0103ruire, au marcat istoria spiritual\u0103 a poporului rom\u00e2n.\u00a0\u201eVor fi c\u00e2teva femei mari cre\u0219tine ale neamului nostru \u0219i \u2018mame ale neamului nostru rom\u00e2nesc\u2019\u201d,\u00a0a spus Preasfin\u021bitul P\u0103rinte Iustin, f\u0103c\u00e2nd referire la impactul spiritual al acestora.<\/p>\n<p>Anul 2026 va aduce \u00een prim-plan dou\u0103 teme majore: reafirmarea valorii pastorale a familiei cre\u0219tine, \u00eentr-un context ideologic tot mai agresiv fa\u021b\u0103 de tradi\u021bia moral\u0103, \u0219i comemorarea femeilor sfinte din calendarul ortodox. Dup\u0103 ce anul 2020 a fost dedicat pastora\u021biei p\u0103rin\u021bilor \u0219i copiilor, noua tem\u0103 omagial\u0103 extinde aten\u021bia asupra \u00eentregii familii, accentu\u00e2nd rolul duhovnicesc al mamei \u0219i al femeii \u00een societate \u0219i \u00een Biseric\u0103.<\/p>","protected":false},"excerpt":{"rendered":"<p>\u00centr-un demers care reafirm\u0103 voca\u021bia Bisericii de a cinsti \u0219i de a pune \u00een lumin\u0103&hellip;<\/p>\n","protected":false},"author":0,"featured_media":43374,"comment_status":"open","ping_status":"open","sticky":false,"template":"","format":"standard","meta":{"footnotes":""},"categories":[8],"tags":[],"class_list":["post-43373","post","type-post","status-publish","format-standard","has-post-thumbnail","hentry","category-lifestyle"],"_links":{"self":[{"href":"https:\/\/247stiri.ro\/index.php\/wp-json\/wp\/v2\/posts\/43373","targetHints":{"allow":["GET"]}}],"collection":[{"href":"https:\/\/247stiri.ro\/index.php\/wp-json\/wp\/v2\/posts"}],"about":[{"href":"https:\/\/247stiri.ro\/index.php\/wp-json\/wp\/v2\/types\/post"}],"replies":[{"embeddable":true,"href":"https:\/\/247stiri.ro\/index.php\/wp-json\/wp\/v2\/comments?post=43373"}],"version-history":[{"count":0,"href":"https:\/\/247stiri.ro\/index.php\/wp-json\/wp\/v2\/posts\/43373\/revisions"}],"wp:featuredmedia":[{"embeddable":true,"href":"https:\/\/247stiri.ro\/index.php\/wp-json\/wp\/v2\/media\/43374"}],"wp:attachment":[{"href":"https:\/\/247stiri.ro\/index.php\/wp-json\/wp\/v2\/media?parent=43373"}],"wp:term":[{"taxonomy":"category","embeddable":true,"href":"https:\/\/247stiri.ro\/index.php\/wp-json\/wp\/v2\/categories?post=43373"},{"taxonomy":"post_tag","embeddable":true,"href":"https:\/\/247stiri.ro\/index.php\/wp-json\/wp\/v2\/tags?post=43373"}],"curies":[{"name":"wp","href":"https:\/\/api.w.org\/{rel}","templated":true}]}}