{"id":43377,"date":"2025-03-28T14:45:23","date_gmt":"2025-03-28T14:45:23","guid":{"rendered":"https:\/\/247stiri.ro\/index.php\/2025\/03\/28\/vasile-banescu-cna-isi-cere-scuze-dupa-atacul-la-adresa-jurnalistilor-dar-nu-demisioneaza\/"},"modified":"2025-03-28T14:45:23","modified_gmt":"2025-03-28T14:45:23","slug":"vasile-banescu-cna-isi-cere-scuze-dupa-atacul-la-adresa-jurnalistilor-dar-nu-demisioneaza","status":"publish","type":"post","link":"https:\/\/247stiri.ro\/index.php\/2025\/03\/28\/vasile-banescu-cna-isi-cere-scuze-dupa-atacul-la-adresa-jurnalistilor-dar-nu-demisioneaza\/","title":{"rendered":"Vasile B\u0103nescu (CNA) \u00ee\u0219i cere scuze dup\u0103 atacul la adresa jurnali\u0219tilor, dar nu demisioneaz\u0103"},"content":{"rendered":"<p>\u201e&lt;&lt;Personal, consider c\u0103 a contrazice o institu\u0163ie \u00een deciziile ei nu face parte din fi\u015fa postului unui jurnalist obiectiv&gt;&gt;. Aceast\u0103 profund nefericit\u0103 fraz\u0103 a fost pe bun\u0103 dreptate criticat\u0103. (&#8230;) Personal regret profund formularea at\u00e2t de deficitar\u0103, deci grav interpretabil\u0103, a unei fraze care se referea strict contextual (!) exclusiv la BEC (&#8230;) o retractez \u0219i \u00eemi cer scuze oricui a fost contrariat de ea \u0219i i-a provocat inevitabil o reac\u021bie justificat\u0103&#8221;, a scris Vasile B\u0103nescu pe Facebook.\u00a0&#8222;Mul\u021bumesc tuturor celor care, cunosc\u00e2ndu-m\u0103 personal sau nu, nu s-au gr\u0103bit s\u0103 ridice fulger\u0103tor piatra \u0219i s\u0103 m\u0103 asocieze cu cenzura, \u201etortura\u201d inchizitorial\u0103 sau vreo afiliere politic\u0103 care m-ar anima \u00een exercitarea statutului onorant de membru CNA. Din fericire, \u00een primul r\u00e2nd pentru mine, acestea nu m\u0103 pot reprezenta niciodat\u0103.&#8221;\u00a0<\/p>\n<p>Reac\u021bia vine dup\u0103 ce Asocia\u021bia pentru Ap\u0103rarea Drepturilor Omului \u00een Rom\u00e2nia cere demiterea lui Vasile B\u0103nescu din CNA, dup\u0103 cenzurarea jurnalistului Marius Tuc\u0103 \u201ePrin declara\u021biile f\u0103cute \u00een ultima \u0219edin\u021b\u0103, B\u0103nescu a demonstrat c\u0103 nu are cuno\u0219tin\u021bele necesare exercit\u0103rii acestei func\u021bii\u201d, se arat\u0103 \u00een postarea oficial\u0103 a APADOR-CH.\u00a0<\/p>\n<p><a title=\"Se pregateste audierea in Parlament a lui Vasile Banescu. Un ONG pentru drepturile omului ii cere demisia de la CNA\" href=\"https:\/\/www.realitatea.net\/stiri\/actual\/se-pregateste-audierea-in-parlament-a-lui-vasile-banescu-un-ong-pentru-drepturile-omului-ii-cere-demisia-de-la-cna_67e67a981a306259af7b15d2\">Se preg\u0103te\u0219te audierea \u00een Parlament a lui Vasile B\u0103nescu. Un ONG pentru drepturile omului \u00eei cere demisia de la CNA<\/a><\/p>","protected":false},"excerpt":{"rendered":"<p>\u201e&lt;&lt;Personal, consider c\u0103 a contrazice o institu\u0163ie \u00een deciziile ei nu face parte din fi\u015fa&hellip;<\/p>\n","protected":false},"author":0,"featured_media":43378,"comment_status":"open","ping_status":"open","sticky":false,"template":"","format":"standard","meta":{"footnotes":""},"categories":[2],"tags":[],"class_list":["post-43377","post","type-post","status-publish","format-standard","has-post-thumbnail","hentry","category-actual"],"_links":{"self":[{"href":"https:\/\/247stiri.ro\/index.php\/wp-json\/wp\/v2\/posts\/43377","targetHints":{"allow":["GET"]}}],"collection":[{"href":"https:\/\/247stiri.ro\/index.php\/wp-json\/wp\/v2\/posts"}],"about":[{"href":"https:\/\/247stiri.ro\/index.php\/wp-json\/wp\/v2\/types\/post"}],"replies":[{"embeddable":true,"href":"https:\/\/247stiri.ro\/index.php\/wp-json\/wp\/v2\/comments?post=43377"}],"version-history":[{"count":0,"href":"https:\/\/247stiri.ro\/index.php\/wp-json\/wp\/v2\/posts\/43377\/revisions"}],"wp:featuredmedia":[{"embeddable":true,"href":"https:\/\/247stiri.ro\/index.php\/wp-json\/wp\/v2\/media\/43378"}],"wp:attachment":[{"href":"https:\/\/247stiri.ro\/index.php\/wp-json\/wp\/v2\/media?parent=43377"}],"wp:term":[{"taxonomy":"category","embeddable":true,"href":"https:\/\/247stiri.ro\/index.php\/wp-json\/wp\/v2\/categories?post=43377"},{"taxonomy":"post_tag","embeddable":true,"href":"https:\/\/247stiri.ro\/index.php\/wp-json\/wp\/v2\/tags?post=43377"}],"curies":[{"name":"wp","href":"https:\/\/api.w.org\/{rel}","templated":true}]}}