{"id":43379,"date":"2025-03-28T14:45:24","date_gmt":"2025-03-28T14:45:24","guid":{"rendered":"https:\/\/247stiri.ro\/index.php\/2025\/03\/28\/copaci-prabusiti-in-bucuresti-sectorul-6-cod-portocaliu-de-furtuna-autoritatile-avertizeaza-populatia-sa-se-protejeze\/"},"modified":"2025-03-28T14:45:24","modified_gmt":"2025-03-28T14:45:24","slug":"copaci-prabusiti-in-bucuresti-sectorul-6-cod-portocaliu-de-furtuna-autoritatile-avertizeaza-populatia-sa-se-protejeze","status":"publish","type":"post","link":"https:\/\/247stiri.ro\/index.php\/2025\/03\/28\/copaci-prabusiti-in-bucuresti-sectorul-6-cod-portocaliu-de-furtuna-autoritatile-avertizeaza-populatia-sa-se-protejeze\/","title":{"rendered":"Copaci pr\u0103bu\u0219i\u021bi \u00een Bucure\u0219ti, sectorul 6. Cod portocaliu de furtun\u0103, autorit\u0103\u021bile avertizeaz\u0103 popula\u021bia s\u0103 se protejeze"},"content":{"rendered":"<p>In Bucure\u0219ti au ap\u0103rut deja primele probleme. Reporterii Realitatea Plus s-au deplasat \u00een sectorul 6 al Capitalei, mai exact \u00een zona Drumul Taberei, unde mai mul\u021bi copaci au fost rup\u021bi de v\u00e2ntul puternic\u0219i au c\u0103zut pe ma\u0219ini.<\/p>\n<p>Din fericire, nimeni nu a fost r\u0103nit iar ma\u0219inile nu au fost avariate semnificativ. Totu\u0219i, vorbim despre o zon\u0103 unde se afl\u0103 \u0219i o \u0219coal\u0103, dar \u0219i o pia\u021b\u0103, prin urmare exista riscul ca oamenii s\u0103 fie r\u0103ni\u021bi.<\/p>\n\n<p>Furtunile puternice s-au ab\u0103tut \u00een ultimele ore asupra mai multor localit\u0103\u021bi din \u021bar\u0103, l\u0103s\u00e2nd \u00een urm\u0103 at\u00e2t copaci c\u0103zu\u021bi, st\u00e2lpi de electricitate avaria\u021bi dar \u0219i acoperi\u0219uri distruse.<\/p>\n<p>Echipele de interven\u021bie ale ISU au ac\u021bionat prompt pentru a gestiona efectele fenomenelor meteo extreme \u0219i \u00een prezent continu\u0103 misiunile de interven\u021bie at\u00e2t \u00een \u021bar\u0103 c\u00e2t \u0219i \u00een Capital\u0103.<\/p>\n<p>ANM a anun\u021bat deja c\u0103 Bucure\u0219ti, dar \u0219i mai multe jude\u021be din \u021bar\u0103 de afl\u0103 sub cod galben \u0219i portocaliu de intensific\u0103ri ale v\u00e2ntului p\u00e2n\u0103 disear\u0103.<\/p>\n<p><a title=\"Sefa ANM anunta urgia: coduri galbene si portocalii de viscol si ploi torentiale\" href=\"https:\/\/www.realitatea.net\/stiri\/actual\/sefa-anm-anunta-urgia-coduri-galbene-si-portocalii-de-viscol-si-ploi-torentiale_67e6699b328a0f736855b8de\">\u0218efa ANM anun\u021b\u0103 urgia: coduri galbene \u0219i portocalii de viscol \u0219i ploi toren\u021biale<\/a><\/p>\n<p>\u201eAvem chiar in aceste momente mai multe avertizari meteo de vreme rea. Este vorba de mai multe coduri portocalii, dar si galbene de ploi si vant puternic.Codurile sunt \u00een vigoare pana m\u00e2ine la pr\u00e2nz. Ploile cele mai abundente le a\u0219tept\u0103m \u00een partea de sud a Banatului, \u00een Oltenia, \u00een nordul Munteniei \u0219i \u00een sudul Transilvaniei.<\/p>\n<p>\u00cen zonele \u00een care este \u00een vigoare un cod portocaliu se va ajunge la 50-70 L\/metru p\u0103trat \u0219i \u00een special \u00een partea de nord a Olteniei \u0219i la munte se va ajunge la 80-100 L\/metru p\u0103trat. La altitudini de peste 2000 de metri este de a\u0219teptat ca precipita\u021biile s\u0103 se transforme \u00een ninsoare \u0219i s\u0103 se depun\u0103 \u00een strat consistent de z\u0103pad\u0103 \u0219i sa fie viscol puternic, pentru c\u0103 rafalele v\u00e2ntului vor ajunge la 90-120 km\/h.<\/p>\n<p>\u00cen acela\u0219i timp, p\u00e2n\u0103 m\u00e2ine este \u00een vigoare un cod galben \u0219i portocaliu. Galben pentru toat\u0103 jum\u0103tatea de sud a \u021b\u0103rii, portocaliu pentru partea de vest a Munteniei, jum\u0103tatea de vest a Munteniei, inclusiv jude\u021bul Ilfov \u0219i Municipiul Bucure\u0219ti \u0219i partea de est a Olteniei.<\/p>\n<p>\u00cen aceste zone ne a\u0219tept\u0103m la rafale de 70-90 km\/h. Vom urm\u0103ri evolu\u021bia acestor fenomene, dar cel mai probabil intensitatea maxim\u0103 va fi, a\u0219a cum spuneam p\u00e2n\u0103 m\u00e2ine diminea\u021b\u0103, apoi pe parcursul zilei de m\u00e2ine ploile se vor restr\u00e2nge spre partea de est a teritoriului, f\u0103r\u0103 s\u0103 mai a\u0219tept\u0103m cantit\u0103\u021bi at\u00e2t de mari comparabil cu cele pe care le a\u0219tept\u0103m ast\u0103zi \u0219i la noapte.\u201d, a declarat la Realitatea PLUS Florinela Georgescu, director executiv ANM.<\/p>\n<p><a title=\"Incident grav in Prahova. Un copac a cazut peste o masina in care se aflau doua persoane, intre care un copil\" href=\"https:\/\/www.realitatea.net\/stiri\/actual\/incident-grav-in-prahova-un-copac-a-cazut-peste-o-masina-in-care-se-aflau-doua-persoane-intre-care-un-copil_67e69c837fe6d948556d4ac2\">Incident grav \u00een Prahova. Un copac a c\u0103zut peste o ma\u0219in\u0103 \u00een care se aflau dou\u0103 persoane, \u00eentre care un copil<\/a><\/p>","protected":false},"excerpt":{"rendered":"<p>In Bucure\u0219ti au ap\u0103rut deja primele probleme. Reporterii Realitatea Plus s-au deplasat \u00een sectorul 6&hellip;<\/p>\n","protected":false},"author":0,"featured_media":43380,"comment_status":"open","ping_status":"open","sticky":false,"template":"","format":"standard","meta":{"footnotes":""},"categories":[2],"tags":[],"class_list":["post-43379","post","type-post","status-publish","format-standard","has-post-thumbnail","hentry","category-actual"],"_links":{"self":[{"href":"https:\/\/247stiri.ro\/index.php\/wp-json\/wp\/v2\/posts\/43379","targetHints":{"allow":["GET"]}}],"collection":[{"href":"https:\/\/247stiri.ro\/index.php\/wp-json\/wp\/v2\/posts"}],"about":[{"href":"https:\/\/247stiri.ro\/index.php\/wp-json\/wp\/v2\/types\/post"}],"replies":[{"embeddable":true,"href":"https:\/\/247stiri.ro\/index.php\/wp-json\/wp\/v2\/comments?post=43379"}],"version-history":[{"count":0,"href":"https:\/\/247stiri.ro\/index.php\/wp-json\/wp\/v2\/posts\/43379\/revisions"}],"wp:featuredmedia":[{"embeddable":true,"href":"https:\/\/247stiri.ro\/index.php\/wp-json\/wp\/v2\/media\/43380"}],"wp:attachment":[{"href":"https:\/\/247stiri.ro\/index.php\/wp-json\/wp\/v2\/media?parent=43379"}],"wp:term":[{"taxonomy":"category","embeddable":true,"href":"https:\/\/247stiri.ro\/index.php\/wp-json\/wp\/v2\/categories?post=43379"},{"taxonomy":"post_tag","embeddable":true,"href":"https:\/\/247stiri.ro\/index.php\/wp-json\/wp\/v2\/tags?post=43379"}],"curies":[{"name":"wp","href":"https:\/\/api.w.org\/{rel}","templated":true}]}}