{"id":43381,"date":"2025-03-28T14:45:25","date_gmt":"2025-03-28T14:45:25","guid":{"rendered":"https:\/\/247stiri.ro\/index.php\/2025\/03\/28\/anunt-de-ultima-ora-de-la-cfr-calatori-80-de-trenuri-afectate-de-trecerea-la-ora-de-vara-ce-trebuie-sa-faca-pasagerii\/"},"modified":"2025-03-28T14:45:25","modified_gmt":"2025-03-28T14:45:25","slug":"anunt-de-ultima-ora-de-la-cfr-calatori-80-de-trenuri-afectate-de-trecerea-la-ora-de-vara-ce-trebuie-sa-faca-pasagerii","status":"publish","type":"post","link":"https:\/\/247stiri.ro\/index.php\/2025\/03\/28\/anunt-de-ultima-ora-de-la-cfr-calatori-80-de-trenuri-afectate-de-trecerea-la-ora-de-vara-ce-trebuie-sa-faca-pasagerii\/","title":{"rendered":"Anun\u021b de ultim\u0103 or\u0103 de la CFR C\u0103l\u0103tori: 80 de trenuri, afectate de trecerea la ora de var\u0103. Ce trebuie s\u0103 fac\u0103 pasagerii?"},"content":{"rendered":"<p>Compania Na\u021bional\u0103 de C\u0103i Ferate \u201eCFR\u201d SA transmite rom\u00e2nilor c\u0103 aceast\u0103 modificare nu determin\u0103 schimb\u0103ri majore \u00een circula\u021bia trenurilor, \u00eens\u0103 anumite trenuri de c\u0103l\u0103tori aflate \u00een parcurs la ora schimb\u0103rii vor \u00eenregistra ajust\u0103ri sau \u00eent\u00e2rzieri. Iat\u0103, totu\u0219i, ce mici modific\u0103ri vor exista:<\/p>\n<p>Impact asupra circula\u021biei trenurilor, dup\u0103 trecerea la ora de var\u0103:<\/p>\n<p>-Trenurile aflate \u00een circula\u021bie la ora 03:00 vor avea \u00eent\u00e2rzieri, \u00eentruc\u00e2t ora 03:00 devine ora 04:00.<\/p>\n<p>-Trenurile care urmeaz\u0103 s\u0103 plece dup\u0103 ora 04:00 vor circula conform orarului stabilit.<\/p>\n<p>-Trenurile interna\u021bionale care tranziteaz\u0103 grani\u021bele cu Republica Moldova, Ungaria, Serbia, Ucraina \u0219i Bulgaria vor circula conform mersului de tren valabil pentru ora de var\u0103.<\/p>\n<p>La nivel na\u021bional, 80 de trenuri de c\u0103l\u0103tori sunt afectate de aceast\u0103 modificare, dintre care:<\/p>\n<p>-35 de trenuri vor sta\u021biona pentru adaptarea la noua or\u0103;<\/p>\n<p>-40 de trenuri vor fi afectate \u00een parcurs;<\/p>\n<p>-5 trenuri vor fi anulate;<\/p>\n<p>-1 tren suplimentar va fi introdus pentru a asigura continuitatea serviciilor.<\/p>\n<p>Pentru a evita nepl\u0103cerile cauzate de aceste ajust\u0103ri, CFR recomand\u0103 c\u0103l\u0103torilor s\u0103 consulte anticipat mersul trenurilor pe canalele oficiale de transport.<\/p>","protected":false},"excerpt":{"rendered":"<p>Compania Na\u021bional\u0103 de C\u0103i Ferate \u201eCFR\u201d SA transmite rom\u00e2nilor c\u0103 aceast\u0103 modificare nu determin\u0103 schimb\u0103ri&hellip;<\/p>\n","protected":false},"author":0,"featured_media":43382,"comment_status":"open","ping_status":"open","sticky":false,"template":"","format":"standard","meta":{"footnotes":""},"categories":[2],"tags":[],"class_list":["post-43381","post","type-post","status-publish","format-standard","has-post-thumbnail","hentry","category-actual"],"_links":{"self":[{"href":"https:\/\/247stiri.ro\/index.php\/wp-json\/wp\/v2\/posts\/43381","targetHints":{"allow":["GET"]}}],"collection":[{"href":"https:\/\/247stiri.ro\/index.php\/wp-json\/wp\/v2\/posts"}],"about":[{"href":"https:\/\/247stiri.ro\/index.php\/wp-json\/wp\/v2\/types\/post"}],"replies":[{"embeddable":true,"href":"https:\/\/247stiri.ro\/index.php\/wp-json\/wp\/v2\/comments?post=43381"}],"version-history":[{"count":0,"href":"https:\/\/247stiri.ro\/index.php\/wp-json\/wp\/v2\/posts\/43381\/revisions"}],"wp:featuredmedia":[{"embeddable":true,"href":"https:\/\/247stiri.ro\/index.php\/wp-json\/wp\/v2\/media\/43382"}],"wp:attachment":[{"href":"https:\/\/247stiri.ro\/index.php\/wp-json\/wp\/v2\/media?parent=43381"}],"wp:term":[{"taxonomy":"category","embeddable":true,"href":"https:\/\/247stiri.ro\/index.php\/wp-json\/wp\/v2\/categories?post=43381"},{"taxonomy":"post_tag","embeddable":true,"href":"https:\/\/247stiri.ro\/index.php\/wp-json\/wp\/v2\/tags?post=43381"}],"curies":[{"name":"wp","href":"https:\/\/api.w.org\/{rel}","templated":true}]}}