{"id":43383,"date":"2025-03-28T14:45:25","date_gmt":"2025-03-28T14:45:25","guid":{"rendered":"https:\/\/247stiri.ro\/index.php\/2025\/03\/28\/anamaria-gavrila-mesaj-pentru-romani-in-exclusivitate-la-realitatea-plus-suveranismul-este-viitorul-acestei-tari-calin-georgescu-nu-a-renuntat-este-alaturi-de-noi\/"},"modified":"2025-03-28T14:45:25","modified_gmt":"2025-03-28T14:45:25","slug":"anamaria-gavrila-mesaj-pentru-romani-in-exclusivitate-la-realitatea-plus-suveranismul-este-viitorul-acestei-tari-calin-georgescu-nu-a-renuntat-este-alaturi-de-noi","status":"publish","type":"post","link":"https:\/\/247stiri.ro\/index.php\/2025\/03\/28\/anamaria-gavrila-mesaj-pentru-romani-in-exclusivitate-la-realitatea-plus-suveranismul-este-viitorul-acestei-tari-calin-georgescu-nu-a-renuntat-este-alaturi-de-noi\/","title":{"rendered":"Anamaria Gavril\u0103, mesaj pentru rom\u00e2ni, \u00een exclusivitate la Realitatea PLUS: \u201dSuveranismul este viitorul acestei \u021b\u0103ri. C\u0103lin Georgescu nu a renun\u021bat, este al\u0103turi de noi\u201d"},"content":{"rendered":"<p>\u201dSuverani\u0219tii sunt mai uni\u021bi ca niciodat\u0103, deoarece \u00een fa\u021ba noastr\u0103 nu se afl\u0103 doar un candidat, ci viitorul \u021b\u0103rii noastre \u0219i viitorul Europei \u0219i de ce nu, al trendului a ceea ce trebuie s\u0103 se \u00eent\u00e2mple \u00een aceast\u0103 lume, mi\u0219c\u00e2ndu-ne \u00eenainte. Noi trebuie s\u0103 \u00een\u021belegem c\u0103 viitorul nu st\u0103 \u00een cenzur\u0103, nu st\u0103 \u00een perchezi\u021bii la oameni, nu st\u0103 \u00een a \u00eencarcera \u0219i a trimite oameni la \u00eenchisoare pe motive total ilegale<\/p>\n<p>A\u0219adar, noi suntem mai uni\u021bi ca niciodat\u0103 pentru c\u0103 \u00een fa\u021ba noastr\u0103 este un lucru mult mai important dec\u00e2t s\u0103 ne vedem diferen\u021bele dintre noi la acest moment. \u0218tim c\u0103 asta deranjeaz\u0103, dar a\u0219a cum am stabilit \u0219i prin multele \u00eent\u00e2lniri pe care le-am avut aici \u0219i asear\u0103, noi trebuie s\u0103 mergem cu inima deschis\u0103 \u0219i c\u0103tre ceilal\u021bi \u0219i s\u0103 le spunem c\u0103 tot ceea ce vrem este pace, unitate \u0219i normalitate \u201d, a declarat \u0219efa POT, la Realitatea PLUS.\u00a0<\/p>\n<p>Anamaria Gavril\u0103 a spulberat toate specula\u021biile privind absen\u021ba lui C\u0103lin Georgescu de la maniferst\u0103rile organizate de rom\u00e2ni, cu ocazia zilei sale de na\u0219tere, \u0219i a subliniat c\u0103 el nu a renun\u021bat \u0219i sprijin\u0103 \u00een continuare mi\u0219carea suveranist\u0103.<\/p>\n<p>\u201dEu personal, nu trebuie s\u0103 deduc c\u0103 domnul C\u0103lin Georgescu sus\u021bine \u00een continuare aceast\u0103 mi\u0219care \u0219i c\u0103 aceast\u0103 mi\u0219care a venit de la Dumnezeu prin d\u00e2nsul. Eu sunt martor\u0103 \u0219i \u0219tiu ce s-a discutat \u00een \u00eent\u00e2lnirile restr\u00e2nse care au avut loc, \u0219tiu de sus\u021binerea d\u00e2nsului pentru domnul George Simion \u0219i astfel, noi mergem \u00eenainte. Chiar dac\u0103 domnul C\u0103lin Gerogescu nu este vizibil, nu \u00eenseamn\u0103 c\u0103 a renun\u021bat, nu \u00eenseamn\u0103 c\u0103 nu mai mergem \u00eenainte \u0219i nu \u00eenseamn\u0103 c\u0103 planul nu merge a\u0219a cum a fost g\u00e2ndit\u201d, a mai spus lidera suveranist\u0103.\u00a0<\/p>\n<p>C\u00e2t depre \u00eencercarea lui <a href=\"https:\/\/www.realitatea.net\/stiri\/actual\/victor-ponta-intalnire-de-taina-cu-oficialii-prorusi-ce-pune-la-cale-suveranistul-vopsit_67e6a07acc428f731e2b4ab2\" target=\"_blank\">Victor Ponta<\/a> de a se ag\u00e2\u021ba de curentul suveranist, pre\u0219edinta POT a afirmat c\u0103 \u201dnu a\u0219 vrea s\u0103 vorbesc despre canida\u021bi care au c\u0103zut \u00eentr-un penibil \u00eencer\u00e2nd s\u0103 \u00ee\u0219i aplice tot felul de etichete, \u00eencerc\u00e2nd s\u0103 spun\u0103 tot ceea ce v\u0103d \u00een comentariile suverani\u0219tilor \u0219i ceea ce sus\u021bin suverani\u0219tii. Noi \u0219tim exact cine sunt ceilal\u021bi candida\u021bi, i-am v\u0103zut, i-am experimentat, \u0219i mi\u0219carea \u0219i poporul nu vrea s\u0103 \u00eei votee clar. Ace\u0219ti candida\u021bi nu sunt relevan\u021bi de aceea nu vrem s\u0103 vorbim despre ei\u201d.\u00a0<\/p>","protected":false},"excerpt":{"rendered":"<p>\u201dSuverani\u0219tii sunt mai uni\u021bi ca niciodat\u0103, deoarece \u00een fa\u021ba noastr\u0103 nu se afl\u0103 doar un&hellip;<\/p>\n","protected":false},"author":0,"featured_media":43376,"comment_status":"open","ping_status":"open","sticky":false,"template":"","format":"standard","meta":{"footnotes":""},"categories":[2],"tags":[],"class_list":["post-43383","post","type-post","status-publish","format-standard","has-post-thumbnail","hentry","category-actual"],"_links":{"self":[{"href":"https:\/\/247stiri.ro\/index.php\/wp-json\/wp\/v2\/posts\/43383","targetHints":{"allow":["GET"]}}],"collection":[{"href":"https:\/\/247stiri.ro\/index.php\/wp-json\/wp\/v2\/posts"}],"about":[{"href":"https:\/\/247stiri.ro\/index.php\/wp-json\/wp\/v2\/types\/post"}],"replies":[{"embeddable":true,"href":"https:\/\/247stiri.ro\/index.php\/wp-json\/wp\/v2\/comments?post=43383"}],"version-history":[{"count":0,"href":"https:\/\/247stiri.ro\/index.php\/wp-json\/wp\/v2\/posts\/43383\/revisions"}],"wp:featuredmedia":[{"embeddable":true,"href":"https:\/\/247stiri.ro\/index.php\/wp-json\/wp\/v2\/media\/43376"}],"wp:attachment":[{"href":"https:\/\/247stiri.ro\/index.php\/wp-json\/wp\/v2\/media?parent=43383"}],"wp:term":[{"taxonomy":"category","embeddable":true,"href":"https:\/\/247stiri.ro\/index.php\/wp-json\/wp\/v2\/categories?post=43383"},{"taxonomy":"post_tag","embeddable":true,"href":"https:\/\/247stiri.ro\/index.php\/wp-json\/wp\/v2\/tags?post=43383"}],"curies":[{"name":"wp","href":"https:\/\/api.w.org\/{rel}","templated":true}]}}