{"id":43386,"date":"2025-03-28T15:44:57","date_gmt":"2025-03-28T15:44:57","guid":{"rendered":"https:\/\/247stiri.ro\/index.php\/2025\/03\/28\/fiica-milionarului-de-la-arad-ucis-la-comanda-a-fost-trimisa-in-judecata-care-sunt-capetele-de-acuzare\/"},"modified":"2025-03-28T15:44:57","modified_gmt":"2025-03-28T15:44:57","slug":"fiica-milionarului-de-la-arad-ucis-la-comanda-a-fost-trimisa-in-judecata-care-sunt-capetele-de-acuzare","status":"publish","type":"post","link":"https:\/\/247stiri.ro\/index.php\/2025\/03\/28\/fiica-milionarului-de-la-arad-ucis-la-comanda-a-fost-trimisa-in-judecata-care-sunt-capetele-de-acuzare\/","title":{"rendered":"Fiica milionarului de la Arad ucis la comand\u0103 a fost trimis\u0103 \u00een judecat\u0103. Care sunt capetele de acuzare"},"content":{"rendered":"<p>Acuzat\u0103 c\u0103 ar fi comandat asasinatul, femeia va fi judecat\u0103 la Curtea de Apel Timi\u0219oara pentru instigare la omor calificat \u00een varianta violen\u021bei \u00een familie, instigare la distrugere \u0219i instigare la nerespectarea regimului materiilor explozive.\u00cen acela\u0219i dosar, doi complici ai femeii, Bogdan Adrian Horodinc\u0103 \u0219i Sebastian Ilie Bulbuc, sunt acuza\u021bi de omor calificat, distrugere \u0219i nerespectarea regimului materiilor explozive.Pe 29 mai 2021, omul de afaceri Ioan Cri\u0219an a murit dup\u0103 ce ma\u0219ina \u00een care se afla a explodat \u00een parcarea unui supermarket din Arad.Parchetul General sus\u021binea c\u0103 atentatul a fost comandat de fiica milionarului \u0219i pus \u00een aplicare de cei doi complici ai femeii.Astfel, conform anchetatorilor, cei doi complici au procurat, \u00een mai 2021, un mecanism care putea fi folosit ca detonator \u00eentr-un dispozitiv exploziv improvizat, controlabil prin intermediul telefonului mobil, \u00een care au \u00eencorporat ulterior \u00eenc\u0103rc\u0103tura exploziv\u0103.<\/p>\n<p><a title=\"Cazul atentatului cu bomba de la Arad. Fiica milionarului ucis, Ioan Crisan, eliberata din arest\" href=\"https:\/\/www.realitatea.net\/stiri\/actual\/cazul-atentatului-cu-bomba-de-la-arad-fiica-milionarului-ucis-ioan-crisan-eliberata-din-arest_67b8886ec72e3c7aaf30d062\">Cazul atentatului cu bomb\u0103 de la Arad. Fiica milionarului ucis, Ioan Cri\u0219an, eliberat\u0103 din arest<\/a><\/p>\n<p>Mecanismul a fost plasat \u00een autoturismul lui Ioan Cri\u0219an \u0219i detonat de la distan\u021b\u0103.&#8217;\u00cen a doua parte a lunii mai 2021, ac\u021bion\u00e2nd la instigarea inculpatei, cei doi inculpa\u021bi, \u00een considerarea sumelor de bani pe care le primiser\u0103 \u0219i pe care urmau s\u0103 le primeasc\u0103 de la inculpat\u0103, la data de 27 mai 2021, au procurat un mecanism care putea fi folosit ca detonator \u00eentr-un dispozitiv exploziv improvizat, controlabil prin intermediul telefonului mobil, \u00een care au \u00eencorporat ulterior \u00eenc\u0103rc\u0103tura exploziv\u0103 (materie exploziv\u0103 procurat\u0103 de la o persoan\u0103 neidentificat\u0103, de\u021binut\u0103, transportat\u0103 \u0219i folosit\u0103 f\u0103r\u0103 drept de inculpa\u021bi). \u00cen data de 28 mai 2021, cei doi inculpa\u021bi au plasat dispozitivul exploziv improvizat \u00een autoturismul unei persoane, iar la data de 29 mai 2021, ora 06:59, ac\u021bion\u00e2nd cu premeditare \u0219i din interes material, l-au detonat de la distan\u021b\u0103 \u00een timp ce victima se deplasa la volanul autoturismului \u00een parcarea unui magazin din cartierul Vlaicu din municipiul Arad. Victima a decedat ca urmare a exploziei \u0219i incendiului subsecvent, fiind distrus, totodat\u0103, complet autoturismul victimei&#8217;, spune Parchetul \u00eentr-un comunicat de pres\u0103, citat de Agerpres.Conform actelor de la dosar, Laura B\u00eelcea a pus la cale uciderea milionarului deoarece acesta inten\u021biona s\u0103-\u0219i lase averea nepo\u021bilor \u0219i fostului so\u021b al femeii.Concret, spun anchetatorii, Ioan Cri\u0219an era nemul\u021bumit de faptul c\u0103 Laura B\u00eelcea, mam\u0103 a doi copii, nu avea venituri constante, de\u0219i este avocat. Preocupat de viitorul afacerilor sale, \u00een contextul \u00eenaint\u0103rii sale \u00een v\u00e2rst\u0103, el nu se putea baza pe fiica sa \u00een vederea prelu\u0103rii conducerii firmelor sale. \u00cen aceste condi\u021bii, el \u0219i-a exprimat ideea de a-l contacta pe fostul s\u0103u ginere, c\u0103ruia s\u0103-i propun\u0103 s\u0103 preia treptat conducerea afacerilor, pentru a asigura viitorul nepo\u021bilor s\u0103i, de care era foarte ata\u0219at.Procurorii consider\u0103 c\u0103 aceast\u0103 informa\u021bie era de natur\u0103 s\u0103-i produc\u0103 Laurei B\u00eelcea un puternic sentiment de frustrare, \u00een condi\u021biile \u00een care rela\u021bia cu fostul so\u021b se \u00eencheiase cu st\u0103ri conflictuale.Dup\u0103 decesul milionarului, Laura B\u00eelcea a retras din contul bancar apar\u021bin\u00e2nd defunctului aproximativ 100.000 de euro \u0219i a pus \u00een v\u00e2nzare trei imobile.<\/p>\n<p><a title=\"Planurile fiicei afaceristului Ioan Crisan, date in vileag de procurori. Care au fost adevaratele motive ale asasinatului si cati bani au primit complicii\" href=\"https:\/\/www.realitatea.net\/stiri\/actual\/planurile-fiicei-afaceristului-ioan-crisan-date-in-vileag-de-procurori-care-au-fost-adevaratele-motive-ale-asasinatului-si-cati-bani-au-primit-complicii_6739b800db3f1c02ff10f832\">Planurile fiicei afaceristului Ioan Cri\u0219an, date \u00een vileag de procurori. Care au fost adev\u0103ratele motive ale asasinatului \u0219i c\u00e2\u021bi bani au primit complicii<\/a><\/p>","protected":false},"excerpt":{"rendered":"<p>Acuzat\u0103 c\u0103 ar fi comandat asasinatul, femeia va fi judecat\u0103 la Curtea de Apel Timi\u0219oara&hellip;<\/p>\n","protected":false},"author":0,"featured_media":43387,"comment_status":"open","ping_status":"open","sticky":false,"template":"","format":"standard","meta":{"footnotes":""},"categories":[2],"tags":[],"class_list":["post-43386","post","type-post","status-publish","format-standard","has-post-thumbnail","hentry","category-actual"],"_links":{"self":[{"href":"https:\/\/247stiri.ro\/index.php\/wp-json\/wp\/v2\/posts\/43386","targetHints":{"allow":["GET"]}}],"collection":[{"href":"https:\/\/247stiri.ro\/index.php\/wp-json\/wp\/v2\/posts"}],"about":[{"href":"https:\/\/247stiri.ro\/index.php\/wp-json\/wp\/v2\/types\/post"}],"replies":[{"embeddable":true,"href":"https:\/\/247stiri.ro\/index.php\/wp-json\/wp\/v2\/comments?post=43386"}],"version-history":[{"count":0,"href":"https:\/\/247stiri.ro\/index.php\/wp-json\/wp\/v2\/posts\/43386\/revisions"}],"wp:featuredmedia":[{"embeddable":true,"href":"https:\/\/247stiri.ro\/index.php\/wp-json\/wp\/v2\/media\/43387"}],"wp:attachment":[{"href":"https:\/\/247stiri.ro\/index.php\/wp-json\/wp\/v2\/media?parent=43386"}],"wp:term":[{"taxonomy":"category","embeddable":true,"href":"https:\/\/247stiri.ro\/index.php\/wp-json\/wp\/v2\/categories?post=43386"},{"taxonomy":"post_tag","embeddable":true,"href":"https:\/\/247stiri.ro\/index.php\/wp-json\/wp\/v2\/tags?post=43386"}],"curies":[{"name":"wp","href":"https:\/\/api.w.org\/{rel}","templated":true}]}}