{"id":43388,"date":"2025-03-28T15:44:58","date_gmt":"2025-03-28T15:44:58","guid":{"rendered":"https:\/\/247stiri.ro\/index.php\/2025\/03\/28\/prima-aparitie-publica-a-regelui-charles-al-iii-lea-dupa-spitalizare-suveranul-britanic-surprins-salutand-trecatorii\/"},"modified":"2025-03-28T15:44:58","modified_gmt":"2025-03-28T15:44:58","slug":"prima-aparitie-publica-a-regelui-charles-al-iii-lea-dupa-spitalizare-suveranul-britanic-surprins-salutand-trecatorii","status":"publish","type":"post","link":"https:\/\/247stiri.ro\/index.php\/2025\/03\/28\/prima-aparitie-publica-a-regelui-charles-al-iii-lea-dupa-spitalizare-suveranul-britanic-surprins-salutand-trecatorii\/","title":{"rendered":"Prima apari\u021bie public\u0103 a Regelui Charles al III-lea dup\u0103 spitalizare: Suveranul britanic, surprins salut\u00e2nd trec\u0103torii"},"content":{"rendered":"<p>\u00cen v\u00e2rst\u0103 de 76 de ani, monarhul britanic urmeaz\u0103 un tratament \u00eempotriva unei forme nespecificate de cancer, diagnostic primit anul trecut, \u00een urma unor investiga\u021bii medicale realizate dup\u0103 o interven\u021bie pentru hipertrofie de prostat\u0103.<\/p>\n<p>Regele Charles, surprins \u00een drum spre re\u0219edin\u021ba sa<\/p>\n<p>Palatul Buckingham a anun\u021bat joi sear\u0103 c\u0103 suveranul s-a \u00eentors la Clarence House, re\u0219edin\u021ba sa oficial\u0103 din Londra, dup\u0103 perioada petrecut\u0103 sub supraveghere medical\u0103. De\u0219i agenda sa de vineri a fost ajustat\u0103 pentru a prioritiza recuperarea, <a href=\"https:\/\/www.realitatea.net\/stiri\/extern\/zelenski-primit-de-regele-charles-la-sandringham-gest-fara-precedent-de-solidaritate-cu-presedintele-ucrainean_67c4b4d54733e7698417e3b3\" target=\"_blank\">Regele Charles<\/a> a fost v\u0103zut vineri diminea\u021b\u0103 p\u0103r\u0103sind Clarence House, a\u0219ezat pe bancheta din spate a unui automobil cu geamul pe jum\u0103tate cobor\u00e2t. \u00centr-o \u00eenregistrare video publicat\u0103 de BBC, acesta poate fi observat salut\u00e2ndu-i pe trec\u0103torii afla\u021bi \u00een apropiere de Palatul Buckingham. Potrivit agen\u021biei DPA, suveranul s-a deplasat ulterior la re\u0219edin\u021ba sa din Highgrove, \u00een comitatul Gloucestershire.<\/p>\n<p>Potrivit unui comunicat emis de Palatul Buckingham, regele a avut nevoie de spitalizare temporar\u0103 din cauza unor efecte secundare ale tratamentului s\u0103u. Autorit\u0103\u021bile regale nu au oferit detalii suplimentare, \u00eens\u0103 o surs\u0103 citat\u0103 de Reuters \u0219i DPA a descris incidentul drept \u201eun obstacol minor\u201d \u00een procesul de recuperare al monarhului.<\/p>\n<p>Joi diminea\u021b\u0103, suveranul a fost transportat la o clinic\u0103 din Londra, f\u0103r\u0103 a fi \u00eenso\u021bit de regina Camilla. \u00cen ciuda episodului medical, planurile pentru vizita de stat din Italia, programat\u0103 luna viitoare, r\u0103m\u00e2n neschimbate.<\/p>\n\n<p>\u00a0 \u00a0 \u00a0 \u00a0 \u00a0 \u00a0 \u00a0 \u00a0 \u00a0 \u00a0 \u00a0 \u00a0 \u00a0 \u00a0 \u00a0 \u00a0 \u00a0 \u00a0 \u00a0 \u00a0 \u00a0 \u00a0 \u00a0 Regele Charles salut\u0103 trec\u0103torii \/ Sursa foto &#8211; Getty Images<\/p>\n<p>Un rege activ, \u00een ciuda diagnosticului<\/p>\n<p>Anun\u021bul privind diagnosticul de cancer al <a href=\"https:\/\/www.realitatea.net\/stiri\/actual\/regele-charles-in-stare-tot-mai-grava-ce-spun-medicii_67bc1ce10fd7a106d47762f2\" target=\"_blank\">Regelui Charles,<\/a> f\u0103cut public la \u00eenceputul anului, a fost un \u0219oc pentru britanici, mai ales la doar 18 luni de la \u00eenceperea domniei sale. Cu toate acestea, oficialii regali au men\u021binut o atitudine optimist\u0103 privind starea sa de s\u0103n\u0103tate, iar monarhul \u0219i-a continuat activit\u0103\u021bile, de\u0219i cu un program ajustat.<\/p>\n<p>\u00cen prezent, Regele Charles \u00ee\u0219i men\u021bine angajamentele oficiale sub supravegherea atent\u0103 a echipei sale medicale, iar apari\u021biile sale publice confirm\u0103 determinarea de a-\u0219i continua \u00eendatoririle regale.<\/p>\n<p>\u00a0<\/p>","protected":false},"excerpt":{"rendered":"<p>\u00cen v\u00e2rst\u0103 de 76 de ani, monarhul britanic urmeaz\u0103 un tratament \u00eempotriva unei forme nespecificate&hellip;<\/p>\n","protected":false},"author":0,"featured_media":43389,"comment_status":"open","ping_status":"open","sticky":false,"template":"","format":"standard","meta":{"footnotes":""},"categories":[2],"tags":[],"class_list":["post-43388","post","type-post","status-publish","format-standard","has-post-thumbnail","hentry","category-actual"],"_links":{"self":[{"href":"https:\/\/247stiri.ro\/index.php\/wp-json\/wp\/v2\/posts\/43388","targetHints":{"allow":["GET"]}}],"collection":[{"href":"https:\/\/247stiri.ro\/index.php\/wp-json\/wp\/v2\/posts"}],"about":[{"href":"https:\/\/247stiri.ro\/index.php\/wp-json\/wp\/v2\/types\/post"}],"replies":[{"embeddable":true,"href":"https:\/\/247stiri.ro\/index.php\/wp-json\/wp\/v2\/comments?post=43388"}],"version-history":[{"count":0,"href":"https:\/\/247stiri.ro\/index.php\/wp-json\/wp\/v2\/posts\/43388\/revisions"}],"wp:featuredmedia":[{"embeddable":true,"href":"https:\/\/247stiri.ro\/index.php\/wp-json\/wp\/v2\/media\/43389"}],"wp:attachment":[{"href":"https:\/\/247stiri.ro\/index.php\/wp-json\/wp\/v2\/media?parent=43388"}],"wp:term":[{"taxonomy":"category","embeddable":true,"href":"https:\/\/247stiri.ro\/index.php\/wp-json\/wp\/v2\/categories?post=43388"},{"taxonomy":"post_tag","embeddable":true,"href":"https:\/\/247stiri.ro\/index.php\/wp-json\/wp\/v2\/tags?post=43388"}],"curies":[{"name":"wp","href":"https:\/\/api.w.org\/{rel}","templated":true}]}}