{"id":4341,"date":"2024-11-04T11:44:52","date_gmt":"2024-11-04T11:44:52","guid":{"rendered":"https:\/\/247stiri.ro\/index.php\/2024\/11\/04\/intorsatura-de-situatie-in-cazul-romanilor-mortii-in-inundatiile-din-spania-mae-nu-confirma-deocamdata-decesul-victimei-din-agigea-cati-conationali-si-au-pierdut-viata\/"},"modified":"2024-11-04T11:44:52","modified_gmt":"2024-11-04T11:44:52","slug":"intorsatura-de-situatie-in-cazul-romanilor-mortii-in-inundatiile-din-spania-mae-nu-confirma-deocamdata-decesul-victimei-din-agigea-cati-conationali-si-au-pierdut-viata","status":"publish","type":"post","link":"https:\/\/247stiri.ro\/index.php\/2024\/11\/04\/intorsatura-de-situatie-in-cazul-romanilor-mortii-in-inundatiile-din-spania-mae-nu-confirma-deocamdata-decesul-victimei-din-agigea-cati-conationali-si-au-pierdut-viata\/","title":{"rendered":"\u00centors\u0103tur\u0103 de situa\u021bie \u00een cazul rom\u00e2nilor mor\u021bii \u00een inunda\u021biile din Spania: MAE nu confirm\u0103 &#8222;deocamdat\u0103&#8221; decesul victimei din Agigea. C\u00e2\u021bi cona\u021bionali \u0219i-au pierdut via\u021ba"},"content":{"rendered":"<p>Purt\u0103torul de cuv\u00e2nt al <a href=\"https:\/\/www.realitatea.net\/stiri\/actual\/alerta-mae-patru-romani-au-disparut-in-urma-urgiei-din-spania-eforturi-maxime-pentru-gasirea-lor_6727b42f3b8ea52fe50075a2\" target=\"_blank\" rel=\"noopener\">Ministerului Afacerilor Externe<\/a>, Radu Filip, a declarat pentru News.ro c\u0103 p\u00e2n\u0103 la acest moment institu\u021bia pe care o reprezint\u0103 nu are informa\u0163ii despre acest deces.<\/p>\n<p><a href=\"https:\/\/www.realitatea.net\/stiri\/actual\/un-nou-episod-dramatic-din-spania-un-roman-a-fost-salvat-de-la-moarte-dupa-ce-a-stat-4-ore-in-masina-inundata_672756f5f621250b6e28bf8c\" target=\"_blank\" rel=\"noopener\">Un NOU episod dramatic din Spania! Un rom\u00e2n a fost salvat de la moarte dup\u0103 ce a stat 4 ore \u00een ma\u0219ina inundat\u0103<\/a><\/p>\n<p>\u201eCe v\u0103 pot spune, p\u00e2n\u0103 \u00een acest moment noi am transmis date actualizate cu privire la cet\u0103\u0163enii rom\u00e2ni care au decedat. P\u00e2n\u0103 acum, avem un singur cet\u0103\u0163ean rom\u00e2n decedat. Mai este o familie despre care presa a informat c\u0103 ar fi decedat \u00een aceste evenimente. \u015ei noi verific\u0103m, \u00een continuare suntem \u00een leg\u0103tur\u0103 cu autorit\u0103\u0163ile spaniole, tocmai pentru a confirma sau infirma aceast\u0103 informa\u0163ie. Asear\u0103 (n. red &#8211; duminic\u0103 sear\u0103 am mai transmis c\u0103 patru persoane se afl\u0103 pe lista de cet\u0103\u0163eni rom\u00e2ni semnala\u0163i ca disp\u0103ru\u0163i\u201d, a explicat Filip.<\/p>\n<p><a href=\"https:\/\/www.realitatea.net\/stiri\/mediu\/clipe-cutremuratoare-in-spania-un-roman-povesteste-calvarul-prin-care-a-trecut-sunt-foarte-multi-morti-din-magazine-se-fura-tot_6724bf2ab2180a59170f1142\" target=\"_blank\" rel=\"noopener\">CLIPE CUTREMUR\u0102TOARE \u00een Spania! Un rom\u00e2n poveste\u0219te calvarul prin care a trecut: \u201eSunt foarte mul\u021bi mor\u021bi, din magazine se fur\u0103 tot!\u201d<\/a><\/p>\n<p>Purt\u0103torul de cuv\u00e2nt al MAE a ad\u0103ugat c\u0103 institu\u0163ia nu are alte informa\u0163ii cu privire la al\u0163i cet\u0103\u0163eni deceda\u0163i sau care s-ar afla \u00een spital \u00een urma inunda\u0163iilor din Spania.\u00a0<\/p>\n<p><a href=\"https:\/\/www.realitatea.net\/stiri\/actual\/cine-erau-cei-3-romani-gasiti-morti-in-garajul-inundat-din-valencia-acestia-se-aflau-in-spania-de-mai-bine-de-20-de-ani-ultimele-clipe-de-viata-detalii-socante_672472f2264b1b7f0b34fd12#google_vignette\" target=\"_blank\" rel=\"noopener\">Cine erau cei 3 rom\u00e2ni g\u0103si\u021bi mor\u021bi \u00een garajul inundat din Valencia: ace\u0219tia se aflau \u00een Spania de mai bine de 20 de ani. Ultimele clipe de via\u021b\u0103: detalii \u0219ocante<\/a><\/p>\n<p>\u201e Deci, p\u00e2n\u0103 acum, avem un cet\u0103\u0163ean rom\u00e2n decedat, pe care l-am anun\u0163at joi, din p\u0103cate, \u015fi alte patru persoane disp\u0103rute anun\u0163ate asear\u0103 (n. red. duminic\u0103 sear\u0103). \u00cen cazul a trei persoane ne-am autosesizat din informa\u0163iile din mass-media \u015fi verific\u0103m, suntem \u00een contact cu autorit\u0103\u0163ile spaniole\u201d, a ar\u0103tat Radu Filip.<\/p>","protected":false},"excerpt":{"rendered":"<p>Purt\u0103torul de cuv\u00e2nt al Ministerului Afacerilor Externe, Radu Filip, a declarat pentru News.ro c\u0103 p\u00e2n\u0103&hellip;<\/p>\n","protected":false},"author":0,"featured_media":4334,"comment_status":"open","ping_status":"open","sticky":false,"template":"","format":"standard","meta":{"footnotes":""},"categories":[2],"tags":[],"class_list":["post-4341","post","type-post","status-publish","format-standard","has-post-thumbnail","hentry","category-actual"],"_links":{"self":[{"href":"https:\/\/247stiri.ro\/index.php\/wp-json\/wp\/v2\/posts\/4341","targetHints":{"allow":["GET"]}}],"collection":[{"href":"https:\/\/247stiri.ro\/index.php\/wp-json\/wp\/v2\/posts"}],"about":[{"href":"https:\/\/247stiri.ro\/index.php\/wp-json\/wp\/v2\/types\/post"}],"replies":[{"embeddable":true,"href":"https:\/\/247stiri.ro\/index.php\/wp-json\/wp\/v2\/comments?post=4341"}],"version-history":[{"count":0,"href":"https:\/\/247stiri.ro\/index.php\/wp-json\/wp\/v2\/posts\/4341\/revisions"}],"wp:featuredmedia":[{"embeddable":true,"href":"https:\/\/247stiri.ro\/index.php\/wp-json\/wp\/v2\/media\/4334"}],"wp:attachment":[{"href":"https:\/\/247stiri.ro\/index.php\/wp-json\/wp\/v2\/media?parent=4341"}],"wp:term":[{"taxonomy":"category","embeddable":true,"href":"https:\/\/247stiri.ro\/index.php\/wp-json\/wp\/v2\/categories?post=4341"},{"taxonomy":"post_tag","embeddable":true,"href":"https:\/\/247stiri.ro\/index.php\/wp-json\/wp\/v2\/tags?post=4341"}],"curies":[{"name":"wp","href":"https:\/\/api.w.org\/{rel}","templated":true}]}}