{"id":43420,"date":"2025-03-28T17:45:53","date_gmt":"2025-03-28T17:45:53","guid":{"rendered":"https:\/\/247stiri.ro\/index.php\/2025\/03\/28\/incident-grav-in-sectorul-5-al-capitalei-o-femeie-a-fost-ranita-de-o-bucata-de-material-desprinsa-dintr-un-balcon\/"},"modified":"2025-03-28T17:45:53","modified_gmt":"2025-03-28T17:45:53","slug":"incident-grav-in-sectorul-5-al-capitalei-o-femeie-a-fost-ranita-de-o-bucata-de-material-desprinsa-dintr-un-balcon","status":"publish","type":"post","link":"https:\/\/247stiri.ro\/index.php\/2025\/03\/28\/incident-grav-in-sectorul-5-al-capitalei-o-femeie-a-fost-ranita-de-o-bucata-de-material-desprinsa-dintr-un-balcon\/","title":{"rendered":"Incident grav \u00een Sectorul 5 al Capitalei: o femeie a fost r\u0103nit\u0103 de o bucat\u0103 de material desprins\u0103 dintr-un balcon"},"content":{"rendered":"<p>Cum s-a \u00eent\u00e2mplat totul?<\/p>\n<p>Poli\u021bia Capitalei a fost alertat\u0103 printr-un apel la num\u0103rul unic de urgen\u0163\u0103 112, iar la fa\u0163a locului s-au deplasat poli\u021bi\u0219ti din cadrul Sec\u0163iei 17, care au confirmat incidentul. Totodat\u0103, echipaje de pompieri din cadrul Inspectoratului pentru Situa\u0163ii de Urgen\u0163\u0103 Bucure\u015fti-Ilfov (ISU-BIF) au intervenit pentru a \u00eenl\u0103tura buc\u0103\u0163ile de material r\u0103mase pe marginea balconului, prevenind astfel <a href=\"https:\/\/www.realitatea.net\/stiri\/actual\/copaci-prabusiti-in-bucuresti-sectorul-6-cod-portocaliu-de-furtuna-autoritatile-avertizeaza-populatia-sa-se-protejeze_67e6b23df14e79302343ba23\" target=\"_blank\">alte eventuale accidente.<\/a><\/p>\n<p>Femeia r\u0103nit\u0103 a primit primele \u00eengrijiri medicale la fa\u0163a locului, ulterior fiind transportat\u0103 la spital pentru investiga\u0163ii suplimentare. Starea sa de s\u0103n\u0103tate nu a fost comunicat\u0103 oficial p\u00e2n\u0103 \u00een acest moment.<\/p>\n<p>Poli\u0163i\u015ftii din cadrul Sec\u0163iei 17, sub coordonarea Parchetului de pe l\u00e2ng\u0103 Judec\u0103toria Sectorului 5, au demarat o anchet\u0103 pentru a stabili circumstan\u0163ele exacte ale incidentului \u015fi pentru a determina dac\u0103 au fost \u00eenc\u0103lcate norme de siguran\u0163\u0103. Cazul este investigat sub suspiciunea de v\u0103t\u0103mare corporal\u0103 din culp\u0103.<\/p>\n<p><a href=\"https:\/\/www.realitatea.net\/stiri\/actual\/vantul-puternic-a-facut-prapad-in-craiova-garduri-si-copaci-doborati-in-doar-cateva-minute_67e65da46e59e072587a9e42\" target=\"_blank\">Autorit\u0103\u021bile reamintesc<\/a> importan\u0163a verific\u0103rii periodice a structurilor exterioare ale cl\u0103dirilor pentru a preveni astfel de incidente, care pot avea consecin\u021be grave asupra pietonilor.<\/p>","protected":false},"excerpt":{"rendered":"<p>Cum s-a \u00eent\u00e2mplat totul? Poli\u021bia Capitalei a fost alertat\u0103 printr-un apel la num\u0103rul unic de&hellip;<\/p>\n","protected":false},"author":0,"featured_media":43421,"comment_status":"open","ping_status":"open","sticky":false,"template":"","format":"standard","meta":{"footnotes":""},"categories":[2],"tags":[],"class_list":["post-43420","post","type-post","status-publish","format-standard","has-post-thumbnail","hentry","category-actual"],"_links":{"self":[{"href":"https:\/\/247stiri.ro\/index.php\/wp-json\/wp\/v2\/posts\/43420","targetHints":{"allow":["GET"]}}],"collection":[{"href":"https:\/\/247stiri.ro\/index.php\/wp-json\/wp\/v2\/posts"}],"about":[{"href":"https:\/\/247stiri.ro\/index.php\/wp-json\/wp\/v2\/types\/post"}],"replies":[{"embeddable":true,"href":"https:\/\/247stiri.ro\/index.php\/wp-json\/wp\/v2\/comments?post=43420"}],"version-history":[{"count":0,"href":"https:\/\/247stiri.ro\/index.php\/wp-json\/wp\/v2\/posts\/43420\/revisions"}],"wp:featuredmedia":[{"embeddable":true,"href":"https:\/\/247stiri.ro\/index.php\/wp-json\/wp\/v2\/media\/43421"}],"wp:attachment":[{"href":"https:\/\/247stiri.ro\/index.php\/wp-json\/wp\/v2\/media?parent=43420"}],"wp:term":[{"taxonomy":"category","embeddable":true,"href":"https:\/\/247stiri.ro\/index.php\/wp-json\/wp\/v2\/categories?post=43420"},{"taxonomy":"post_tag","embeddable":true,"href":"https:\/\/247stiri.ro\/index.php\/wp-json\/wp\/v2\/tags?post=43420"}],"curies":[{"name":"wp","href":"https:\/\/api.w.org\/{rel}","templated":true}]}}