{"id":43438,"date":"2025-03-28T19:44:49","date_gmt":"2025-03-28T19:44:49","guid":{"rendered":"https:\/\/247stiri.ro\/index.php\/2025\/03\/28\/elena-larisa-are-12-ani-si-a-fost-data-disparuta-incredibil-unde-a-fost-gasita-minora-a-doua-zi\/"},"modified":"2025-03-28T19:44:49","modified_gmt":"2025-03-28T19:44:49","slug":"elena-larisa-are-12-ani-si-a-fost-data-disparuta-incredibil-unde-a-fost-gasita-minora-a-doua-zi","status":"publish","type":"post","link":"https:\/\/247stiri.ro\/index.php\/2025\/03\/28\/elena-larisa-are-12-ani-si-a-fost-data-disparuta-incredibil-unde-a-fost-gasita-minora-a-doua-zi\/","title":{"rendered":"Elena Larisa are 12 ani \u0219i a fost dat\u0103 disp\u0103rut\u0103! Incredibil unde a fost g\u0103sit\u0103 minora a doua zi"},"content":{"rendered":"<p>Dispari\u021bia a fost semnalat\u0103 imediat de c\u0103tre p\u0103rin\u021bi, care au alertat autorit\u0103\u021bile. \u00cen urma apelului, poli\u021bia a solicitat ajutorul comunit\u0103\u021bii pentru a g\u0103si fata, iar 24 de ore mai t\u00e2rziu, vestea bun\u0103 a venit: Larisa a fost g\u0103sit\u0103.<\/p>\n<p>Larisa a fost g\u0103sit\u0103 \u00een siguran\u021b\u0103<\/p>\n<p><a href=\"https:\/\/www.realitatea.net\/stiri\/extern\/o-copila-de-sase-ani-a-disparut-intrun-mod-misterios-mama-este-acuzata-de-rapire_67c5c4300af3b330a410fa22\" target=\"_blank\">Minora<\/a>, care avea o \u00een\u0103l\u021bime de aproximativ 1,60 m, p\u0103r \u0219aten \u0219i ochi alba\u0219tri, purta un hanorac negru, pantaloni de trening negri \u0219i adida\u0219i albi c\u00e2nd a plecat de la \u0219coala Gimnazial\u0103 nr. 10 din Gala\u021bi. \u00cen ciuda eforturilor de a o g\u0103si, p\u0103rin\u021bii \u0219i autorit\u0103\u021bile nu \u0219tiau ce s-a \u00eent\u00e2mplat cu Larisa, iar mama acesteia a mers la sec\u021bia de poli\u021bie pentru a raporta dispari\u021bia.<\/p>\n<p>Din fericire, vineri, 28 martie, familia a primit vestea mult a\u0219teptat\u0103. Larisa a fost recunoscut\u0103 de un jandarm aflat \u00een timpul liber, \u00een timp ce se afla \u00eentr-un mijloc de transport public din Gala\u021bi. Jandarmul a notificat imediat poli\u021bia, iar un echipaj al Inspectoratului de Jandarmi Jude\u021bean Gala\u021bi s-a deplasat la fa\u021ba locului, prelu\u00e2nd-o pe fat\u0103 \u0219i conduc\u00e2nd-o la Sec\u021bia 2 Poli\u021bie.<\/p>\n<p><a href=\"https:\/\/www.realitatea.net\/stiri\/actual\/fetita-de-4-ani-din-hunedoara-disparuta-impreuna-cu-bunica-sa-unde-leau-gasit-politistii_67c0d4acfdfa47514b3ce4f2\" target=\"_blank\">Din primele informa\u021bii,<\/a> Larisa nu a fost victima vreunei infrac\u021biuni \u0219i se afl\u0103 \u00een afara oric\u0103rui pericol. Autorit\u0103\u021bile au transmis un mesaj de u\u0219urare, iar familia minorei a fost extrem de recunosc\u0103toare pentru g\u0103sirea ei.<\/p>","protected":false},"excerpt":{"rendered":"<p>Dispari\u021bia a fost semnalat\u0103 imediat de c\u0103tre p\u0103rin\u021bi, care au alertat autorit\u0103\u021bile. \u00cen urma apelului,&hellip;<\/p>\n","protected":false},"author":0,"featured_media":43439,"comment_status":"open","ping_status":"open","sticky":false,"template":"","format":"standard","meta":{"footnotes":""},"categories":[2],"tags":[],"class_list":["post-43438","post","type-post","status-publish","format-standard","has-post-thumbnail","hentry","category-actual"],"_links":{"self":[{"href":"https:\/\/247stiri.ro\/index.php\/wp-json\/wp\/v2\/posts\/43438","targetHints":{"allow":["GET"]}}],"collection":[{"href":"https:\/\/247stiri.ro\/index.php\/wp-json\/wp\/v2\/posts"}],"about":[{"href":"https:\/\/247stiri.ro\/index.php\/wp-json\/wp\/v2\/types\/post"}],"replies":[{"embeddable":true,"href":"https:\/\/247stiri.ro\/index.php\/wp-json\/wp\/v2\/comments?post=43438"}],"version-history":[{"count":0,"href":"https:\/\/247stiri.ro\/index.php\/wp-json\/wp\/v2\/posts\/43438\/revisions"}],"wp:featuredmedia":[{"embeddable":true,"href":"https:\/\/247stiri.ro\/index.php\/wp-json\/wp\/v2\/media\/43439"}],"wp:attachment":[{"href":"https:\/\/247stiri.ro\/index.php\/wp-json\/wp\/v2\/media?parent=43438"}],"wp:term":[{"taxonomy":"category","embeddable":true,"href":"https:\/\/247stiri.ro\/index.php\/wp-json\/wp\/v2\/categories?post=43438"},{"taxonomy":"post_tag","embeddable":true,"href":"https:\/\/247stiri.ro\/index.php\/wp-json\/wp\/v2\/tags?post=43438"}],"curies":[{"name":"wp","href":"https:\/\/api.w.org\/{rel}","templated":true}]}}