{"id":43447,"date":"2025-03-28T19:44:52","date_gmt":"2025-03-28T19:44:52","guid":{"rendered":"https:\/\/247stiri.ro\/index.php\/2025\/03\/28\/crin-antonescu-a-fost-pus-sa-aleaga-pe-cine-ar-arunca-dintr-o-barca-daca-ar-avea-de-ales-intre-ciolacu-si-bolojan\/"},"modified":"2025-03-28T19:44:52","modified_gmt":"2025-03-28T19:44:52","slug":"crin-antonescu-a-fost-pus-sa-aleaga-pe-cine-ar-arunca-dintr-o-barca-daca-ar-avea-de-ales-intre-ciolacu-si-bolojan","status":"publish","type":"post","link":"https:\/\/247stiri.ro\/index.php\/2025\/03\/28\/crin-antonescu-a-fost-pus-sa-aleaga-pe-cine-ar-arunca-dintr-o-barca-daca-ar-avea-de-ales-intre-ciolacu-si-bolojan\/","title":{"rendered":"Crin Antonescu a fost pus s\u0103 aleag\u0103! Pe cine ar arunca dintr-o barc\u0103, dac\u0103 ar avea de ales \u00eentre Ciolacu \u0219i Bolojan?"},"content":{"rendered":"<p>Supus, la fel ca ceilal\u021bi candida\u021bi la pre\u0219edin\u021bie, la testul &#8222;\u00centreb\u0103rilor picante&#8221; ale lui M\u0103ru\u021ba, Crin Antonescu a trebuit s\u0103 aleag\u0103 pe cine ar arunca dintr-o barc\u0103, dintre Marcel Ciolacu \u0219i Ilie Bolojan, dac\u0103 aceasta ar fi pe punctul de a se scufunda.<\/p>\n<p>&#8222;M\u0103ru\u021b\u0103: Pentru a v\u0103 salva este nevoie s\u0103 renun\u0163a\u0163i la unul dintre ei pe care l-a\u0163i arunca din barc\u0103?<\/p>\n<p>Antonescu: Pe Bolojan. Ca s\u0103 se men\u0163in\u0103 c\u00e2t de c\u00e2t o coali\u0163ie, eu nu mai sunt liberal, dar provin din Partidul Liberal \u015fi nu am cum s\u0103 arunc PSD-istul, pe Ciolacu, c\u0103 r\u0103m\u00e2nem doi liberali, \u015fi ce facem doi liberali \u00eentr-o barc\u0103, scufund\u0103m barca oricum dup\u0103 aia c\u0103 \u00eencepem s\u0103 ne lupt\u0103m cine pune m\u00e2na pe v\u00e2sle.<\/p>\n<p>Pentru c\u0103 domnul Bolojan nu \u00eemi face deloc impresia unui om care nu s-ar descurca chiar de unul singur \u00een mijlocul valurilor. \u00cenoat\u0103 cu r\u0103bdare, iese la mal. (&#8230;) Nu ar fi prima dat\u0103 printre rechini. (&#8230;) \u015ei Ciolacu se descurc\u0103. La asta nu m-am g\u00e2ndit, cred c\u0103 \u00een privin\u0163a rechinilor mai repede \u00eel arunc pe Ciolacu, c\u0103 se descurc\u0103\u201d.<\/p>\n<p>\u00a0<\/p>\n<p>\u00a0<\/p>","protected":false},"excerpt":{"rendered":"<p>Supus, la fel ca ceilal\u021bi candida\u021bi la pre\u0219edin\u021bie, la testul &#8222;\u00centreb\u0103rilor picante&#8221; ale lui M\u0103ru\u021ba,&hellip;<\/p>\n","protected":false},"author":0,"featured_media":43437,"comment_status":"open","ping_status":"open","sticky":false,"template":"","format":"standard","meta":{"footnotes":""},"categories":[2],"tags":[],"class_list":["post-43447","post","type-post","status-publish","format-standard","has-post-thumbnail","hentry","category-actual"],"_links":{"self":[{"href":"https:\/\/247stiri.ro\/index.php\/wp-json\/wp\/v2\/posts\/43447","targetHints":{"allow":["GET"]}}],"collection":[{"href":"https:\/\/247stiri.ro\/index.php\/wp-json\/wp\/v2\/posts"}],"about":[{"href":"https:\/\/247stiri.ro\/index.php\/wp-json\/wp\/v2\/types\/post"}],"replies":[{"embeddable":true,"href":"https:\/\/247stiri.ro\/index.php\/wp-json\/wp\/v2\/comments?post=43447"}],"version-history":[{"count":0,"href":"https:\/\/247stiri.ro\/index.php\/wp-json\/wp\/v2\/posts\/43447\/revisions"}],"wp:featuredmedia":[{"embeddable":true,"href":"https:\/\/247stiri.ro\/index.php\/wp-json\/wp\/v2\/media\/43437"}],"wp:attachment":[{"href":"https:\/\/247stiri.ro\/index.php\/wp-json\/wp\/v2\/media?parent=43447"}],"wp:term":[{"taxonomy":"category","embeddable":true,"href":"https:\/\/247stiri.ro\/index.php\/wp-json\/wp\/v2\/categories?post=43447"},{"taxonomy":"post_tag","embeddable":true,"href":"https:\/\/247stiri.ro\/index.php\/wp-json\/wp\/v2\/tags?post=43447"}],"curies":[{"name":"wp","href":"https:\/\/api.w.org\/{rel}","templated":true}]}}