{"id":43448,"date":"2025-03-28T19:44:52","date_gmt":"2025-03-28T19:44:52","guid":{"rendered":"https:\/\/247stiri.ro\/index.php\/2025\/03\/28\/jd-vance-a-ajuns-in-groenlanda-unde-a-avut-parte-de-o-primire-rece-autoritatile-l-au-pus-la-punct-nu-am-lansat-nicio-invitatie-pentru-nicio-vizita\/"},"modified":"2025-03-28T19:44:52","modified_gmt":"2025-03-28T19:44:52","slug":"jd-vance-a-ajuns-in-groenlanda-unde-a-avut-parte-de-o-primire-rece-autoritatile-l-au-pus-la-punct-nu-am-lansat-nicio-invitatie-pentru-nicio-vizita","status":"publish","type":"post","link":"https:\/\/247stiri.ro\/index.php\/2025\/03\/28\/jd-vance-a-ajuns-in-groenlanda-unde-a-avut-parte-de-o-primire-rece-autoritatile-l-au-pus-la-punct-nu-am-lansat-nicio-invitatie-pentru-nicio-vizita\/","title":{"rendered":"JD Vance a ajuns \u00een Groenlanda, unde a avut parte de o primire \u201erece\u201d. Autorit\u0103\u021bile l-au pus la punct: \u201eNu am lansat nicio invita\u021bie pentru nicio vizit\u0103\u201d"},"content":{"rendered":"<p>Localnicii \u0219i autorit\u0103\u021bile de pe insula mult r\u00e2vnit\u0103 de Trump \u0219i-au exprimat clar nemul\u021bumirea fa\u021b\u0103 de prezen\u021ba lor. De exemplu, Usha Vance a \u00eencercat s\u0103 interac\u021bioneze cu localnicii, \u00eens\u0103 ace\u0219tia au refuzat s\u0103 \u00eei deschid\u0103 u\u0219a.<\/p>\n\n<p>La r\u00e2ndul lor, autorit\u0103\u021bile au transmis oficial cuplului american c\u0103 sunt oaspe\u021bi nepofti\u021bi:<\/p>\n<p>\u201eDoar ca s\u0103 se \u0219tie, Naalakkersuisut, guvernul Groenlandei, nu a lansat nicio invita\u021bie pentru nicio vizit\u0103, nici privat\u0103, nici oficial\u0103\u201d, a transmis guvernul Groenlandei \u00eentr-o postare pe Facebook.<\/p>\n<p>JD Vance a intrat \u00eentr-un vehicul blindat american imediat dup\u0103 ce a p\u0103r\u0103sit Air Force Two. A salutat reporterii, dar nu a avut o discu\u021bie cu ace\u0219tia.<\/p>\n\n<p>Ulterior, el a sus\u021binut un discurs \u00een fa\u021ba solda\u021bilor americani la o baz\u0103 militar\u0103 din Groenlanda.<\/p>\n<p>\u201eV\u0103 mul\u021bumesc tuturor pentru tot ceea ce face\u021bi \u0219i v\u0103 mul\u021bumesc c\u0103 ne-a\u021bi primit. Nu am fost niciodat\u0103 \u00een Groenlanda. Se pare c\u0103 sunt primul vicepre\u0219edinte care viziteaz\u0103 vreodat\u0103 Groenlanda\u201d, a spus el.<\/p>\n<p>JD Vance a ad\u0103ugat c\u0103 va discuta cu oficialii militari \u201ece anume face baza \u0219i toate modalit\u0103\u021bile importante prin care aceasta contribuie la securitatea na\u021bional\u0103\u201d.\u00a0<a title=\"Scandalul mesajelor de securitate scapate la Washington. Administratia Trump arata puternice resentimente fata de Europa\" href=\"https:\/\/www.realitatea.net\/stiri\/actual\/scandalul-mesajelor-de-securitate-scapate-la-washington-administratia-trump-arata-puternice-resentimente-fata-de-europa_67e26cd9d5b27848686d952a\">Scandalul mesajelor de securitate sc\u0103pate la Washington. Administra\u021bia Trump arat\u0103 puternice resentimente fa\u021b\u0103 de Europa<\/a><\/p>\n<p>\u201eDup\u0103 cum a\u021bi auzit, administra\u021bia Trump este interesat\u0103 de Groenlanda, a\u0219a c\u0103 vom vorbi pu\u021bin despre asta cu prietenii no\u0219tri din mass-media\u201d, a mai spus el.<\/p>\n\n<p>\u201ePre\u0219edintele este foarte interesat de securitatea arctic\u0103. Dup\u0103 cum \u0219ti\u021bi cu to\u021bii, aceasta este o problem\u0103 important\u0103 \u0219i nu va face dec\u00e2t s\u0103 creasc\u0103 \u00een deceniile urm\u0103toare\u201d, a mai spus adjunctul lui Trump.<\/p>\n<p>Ini\u021bial, Casa Alb\u0103 a prezentat vizita celei de-a doua doamne ca o oportunitate de a explora cultura din Groenlanda, \u00eens\u0103 aceasta a degenerat rapid \u00eentr-un subiect controversat, liderul teritoriului danez semiautonom M\u00fate Egede calific\u00e2nd-o drept &#8222;extrem de agresiv\u0103&#8221;.\u00a0<\/p>\n\n<p>Programul ini\u021bial a suferit modific\u0103ri \u00een urma reac\u021biei ostile a localnicilor fa\u021b\u0103 de reprezentan\u021bii administra\u021biei Trump, de\u0219i Casa Alb\u0103 contest\u0103 aceast\u0103 reac\u021bie. Pe m\u0103sur\u0103 ce JD Vance a observat cre\u0219terea nemul\u021bumirii legate de c\u0103l\u0103toria so\u021biei sale, a decis s\u0103 i se al\u0103ture, conform unei surse de rang \u00eenalt din cadrul Casei Albe citat\u0103 de CNN. \u00a0&#8222;A fost o combina\u021bie de pu\u021bin\u0103 agita\u021bie din partea liderilor danezi, combinat\u0103 cu Vance care a vrut s\u0103 mearg\u0103 pentru o vreme&#8221;,\u00a0<\/p>\n<p><a title=\"Groenlanda a facut Sapca Anti-SUA, cu care sa ii intampine pe oficialii americani care vin in vizita\" href=\"https:\/\/www.realitatea.net\/stiri\/actual\/groenlanda-a-facut-sapca-antisua-cu-care-sa-ii-intampine-pe-oficialii-americani-care-vin-in-vizita_67e411d1a8f9c026503bf776\">Groenlanda a f\u0103cut \u0218apca Anti-SUA, cu care s\u0103 \u00eei \u00eent\u00e2mpine pe oficialii americani care vin \u00een vizit\u0103<\/a><\/p>","protected":false},"excerpt":{"rendered":"<p>Localnicii \u0219i autorit\u0103\u021bile de pe insula mult r\u00e2vnit\u0103 de Trump \u0219i-au exprimat clar nemul\u021bumirea fa\u021b\u0103&hellip;<\/p>\n","protected":false},"author":0,"featured_media":43428,"comment_status":"open","ping_status":"open","sticky":false,"template":"","format":"standard","meta":{"footnotes":""},"categories":[2],"tags":[],"class_list":["post-43448","post","type-post","status-publish","format-standard","has-post-thumbnail","hentry","category-actual"],"_links":{"self":[{"href":"https:\/\/247stiri.ro\/index.php\/wp-json\/wp\/v2\/posts\/43448","targetHints":{"allow":["GET"]}}],"collection":[{"href":"https:\/\/247stiri.ro\/index.php\/wp-json\/wp\/v2\/posts"}],"about":[{"href":"https:\/\/247stiri.ro\/index.php\/wp-json\/wp\/v2\/types\/post"}],"replies":[{"embeddable":true,"href":"https:\/\/247stiri.ro\/index.php\/wp-json\/wp\/v2\/comments?post=43448"}],"version-history":[{"count":0,"href":"https:\/\/247stiri.ro\/index.php\/wp-json\/wp\/v2\/posts\/43448\/revisions"}],"wp:featuredmedia":[{"embeddable":true,"href":"https:\/\/247stiri.ro\/index.php\/wp-json\/wp\/v2\/media\/43428"}],"wp:attachment":[{"href":"https:\/\/247stiri.ro\/index.php\/wp-json\/wp\/v2\/media?parent=43448"}],"wp:term":[{"taxonomy":"category","embeddable":true,"href":"https:\/\/247stiri.ro\/index.php\/wp-json\/wp\/v2\/categories?post=43448"},{"taxonomy":"post_tag","embeddable":true,"href":"https:\/\/247stiri.ro\/index.php\/wp-json\/wp\/v2\/tags?post=43448"}],"curies":[{"name":"wp","href":"https:\/\/api.w.org\/{rel}","templated":true}]}}