{"id":43453,"date":"2025-03-28T20:44:50","date_gmt":"2025-03-28T20:44:50","guid":{"rendered":"https:\/\/247stiri.ro\/index.php\/2025\/03\/28\/descoperire-neasteptata-sub-pat-un-copil-s-a-plans-bonei-de-monstrul-ascuns-insa-acolo-se-afla-altcineva\/"},"modified":"2025-03-28T20:44:50","modified_gmt":"2025-03-28T20:44:50","slug":"descoperire-neasteptata-sub-pat-un-copil-s-a-plans-bonei-de-monstrul-ascuns-insa-acolo-se-afla-altcineva","status":"publish","type":"post","link":"https:\/\/247stiri.ro\/index.php\/2025\/03\/28\/descoperire-neasteptata-sub-pat-un-copil-s-a-plans-bonei-de-monstrul-ascuns-insa-acolo-se-afla-altcineva\/","title":{"rendered":"Descoperire nea\u0219teptat\u0103 sub PAT. Un copil s-a pl\u00e2ns bonei de monstrul ascuns, \u00eens\u0103 acolo se afla altcineva"},"content":{"rendered":"<p>Cum s-a petrecut incidentul?<\/p>\n<p>\u00cen timp ce \u00ee\u0219i punea copiii la somn, d\u0103daca a fost alertat\u0103 de un copil care spunea c\u0103 simte prezen\u021ba unui monstru sub pat, arat\u0103 CNN. C\u00e2nd a verificat, pentru a-l lini\u0219ti, a f\u0103cut o descoperire \u00eenfior\u0103toare: sub pat se ascundea un b\u0103rbat.<\/p>\n<p>Identificat ca Martin Villalobos Jr., \u00een v\u00e2rst\u0103 de 27 de ani, b\u0103rbatul nu avea ce c\u0103uta acolo.\u00a0<\/p>\n<p><a href=\"https:\/\/www.realitatea.net\/stiri\/lumeaanimalelor\/operatiunea-monstrul-un-somn-urias-de-140-kg-prins-in-romania-unde-a-dat-la-peste-pescarul-norocos_67c5458368825f38096d3572\" target=\"_blank\">Conform autorit\u0103\u021bilor<\/a>, acesta locuise anterior \u00een acea locuin\u021b\u0103, \u00eens\u0103 un ordin de protec\u021bie emis \u00eempotriva sa \u00eei interzicea s\u0103 se apropie de respectiva adres\u0103. Dup\u0103 ce a fost g\u0103sit, Villalobos a intrat \u00eentr-o alterca\u021bie cu d\u0103daca, iar \u00een timpul acesteia, unul dintre copii a fost accidentat, fiind dobor\u00e2t la p\u0103m\u00e2nt.<\/p>\n<p>B\u0103rbatul a reu\u0219it s\u0103 fug\u0103 \u00eenainte de sosirea poli\u021biei, dar a fost capturat a doua zi, \u00een urma unei urm\u0103riri. A fost arestat \u0219i va fi cercetat pentru \u00eenc\u0103lcarea ordinului de protec\u021bie \u0219i alte fapte legale, potrivit surselor oficiale.\u00a0<\/p>\n<p><a href=\"https:\/\/www.realitatea.net\/stiri\/lumeaanimalelor\/curcanul-de-21-de-kg-din-romania-a-ajuns-viral-pe-internet-cum-arata-monstrul-plin-de-antibiotice_6724a1cc4ef0260aff106bd8\" target=\"_blank\">Acest incident<\/a> a st\u00e2rnit o mare \u00eengrijorare \u00een comunitate.<\/p>","protected":false},"excerpt":{"rendered":"<p>Cum s-a petrecut incidentul? \u00cen timp ce \u00ee\u0219i punea copiii la somn, d\u0103daca a fost&hellip;<\/p>\n","protected":false},"author":0,"featured_media":43454,"comment_status":"open","ping_status":"open","sticky":false,"template":"","format":"standard","meta":{"footnotes":""},"categories":[2],"tags":[],"class_list":["post-43453","post","type-post","status-publish","format-standard","has-post-thumbnail","hentry","category-actual"],"_links":{"self":[{"href":"https:\/\/247stiri.ro\/index.php\/wp-json\/wp\/v2\/posts\/43453","targetHints":{"allow":["GET"]}}],"collection":[{"href":"https:\/\/247stiri.ro\/index.php\/wp-json\/wp\/v2\/posts"}],"about":[{"href":"https:\/\/247stiri.ro\/index.php\/wp-json\/wp\/v2\/types\/post"}],"replies":[{"embeddable":true,"href":"https:\/\/247stiri.ro\/index.php\/wp-json\/wp\/v2\/comments?post=43453"}],"version-history":[{"count":0,"href":"https:\/\/247stiri.ro\/index.php\/wp-json\/wp\/v2\/posts\/43453\/revisions"}],"wp:featuredmedia":[{"embeddable":true,"href":"https:\/\/247stiri.ro\/index.php\/wp-json\/wp\/v2\/media\/43454"}],"wp:attachment":[{"href":"https:\/\/247stiri.ro\/index.php\/wp-json\/wp\/v2\/media?parent=43453"}],"wp:term":[{"taxonomy":"category","embeddable":true,"href":"https:\/\/247stiri.ro\/index.php\/wp-json\/wp\/v2\/categories?post=43453"},{"taxonomy":"post_tag","embeddable":true,"href":"https:\/\/247stiri.ro\/index.php\/wp-json\/wp\/v2\/tags?post=43453"}],"curies":[{"name":"wp","href":"https:\/\/api.w.org\/{rel}","templated":true}]}}