{"id":43457,"date":"2025-03-28T20:44:51","date_gmt":"2025-03-28T20:44:51","guid":{"rendered":"https:\/\/247stiri.ro\/index.php\/2025\/03\/28\/tir-rasturnat-pe-centura-ocolitoare-a-brasovului-autoritatile-au-intervenit-de-urgenta\/"},"modified":"2025-03-28T20:44:51","modified_gmt":"2025-03-28T20:44:51","slug":"tir-rasturnat-pe-centura-ocolitoare-a-brasovului-autoritatile-au-intervenit-de-urgenta","status":"publish","type":"post","link":"https:\/\/247stiri.ro\/index.php\/2025\/03\/28\/tir-rasturnat-pe-centura-ocolitoare-a-brasovului-autoritatile-au-intervenit-de-urgenta\/","title":{"rendered":"TIR r\u0103sturnat pe centura ocolitoare a Bra\u015fovului. Autorit\u0103\u021bile au intervenit de urgen\u021b\u0103"},"content":{"rendered":"<p>Cum s-a \u00eent\u00e2mplat incidentul<\/p>\n<p>\u00a0\u0218oferul autotrenului a pierdut controlul volanului, iar vehiculul a ie\u0219it de pe \u0219osea \u0219i a rupt parapetul de protec\u021bie, apoi s-a r\u0103sturnat pe o parte, la o diferen\u021b\u0103 de nivel de c\u00e2\u021biva metri.<\/p>\n<p>Pentru a elibera drumul, autorit\u0103\u021bile au intervenit rapid, aduc\u00e2nd o macara specializat\u0103 pentru ridicarea vehiculului. \u00cen imagini difuzate de Direc\u021bia Regional\u0103 de Drumuri \u0219i Poduri (DRDP) Bra\u0219ov, se poate observa cum semiremorca este decuplat\u0103 de capul tractor \u0219i ridicat\u0103 cu ajutorul echipamentului, fiind pus\u0103 pe ro\u021bi, \u00een timp ce \u00eenc\u0103rc\u0103tura a fost transferat\u0103 \u00eentr-un alt TIR.<\/p>\n<p><a href=\"https:\/\/www.realitatea.net\/stiri\/actual\/tragedie-in-vaslui-un-copil-de-7-ani-lovit-de-masina-in-fata-mamei-sale_67e6d534c36b302d794995e3\" target=\"_blank\">Pe durata opera\u021biunii,<\/a> traficul rutier pe una dintre benzile variantei Bra\u0219ov a fost restric\u021bionat, iar autorit\u0103\u021bile au avertizat \u0219oferii s\u0103 aib\u0103 r\u0103bdare \u0219i s\u0103 circule cu pruden\u021b\u0103 \u00een zon\u0103. Interven\u021bia rapid\u0103 a echipajelor a reu\u0219it s\u0103 degajeze zona \u0219i s\u0103 permit\u0103 reluarea circula\u021biei \u00een <a href=\"https:\/\/www.realitatea.net\/stiri\/actual\/accident-grav-in-judetul-suceava-doua-persoane-au-fost-ranite-in-urma-impactului-dintre-o-autoutilitara-si-un-tir_67e5052cbe9ee869521df252\" target=\"_blank\">condi\u021bii de siguran\u021b\u0103.<\/a><\/p>","protected":false},"excerpt":{"rendered":"<p>Cum s-a \u00eent\u00e2mplat incidentul \u00a0\u0218oferul autotrenului a pierdut controlul volanului, iar vehiculul a ie\u0219it de&hellip;<\/p>\n","protected":false},"author":0,"featured_media":43458,"comment_status":"open","ping_status":"open","sticky":false,"template":"","format":"standard","meta":{"footnotes":""},"categories":[2],"tags":[],"class_list":["post-43457","post","type-post","status-publish","format-standard","has-post-thumbnail","hentry","category-actual"],"_links":{"self":[{"href":"https:\/\/247stiri.ro\/index.php\/wp-json\/wp\/v2\/posts\/43457","targetHints":{"allow":["GET"]}}],"collection":[{"href":"https:\/\/247stiri.ro\/index.php\/wp-json\/wp\/v2\/posts"}],"about":[{"href":"https:\/\/247stiri.ro\/index.php\/wp-json\/wp\/v2\/types\/post"}],"replies":[{"embeddable":true,"href":"https:\/\/247stiri.ro\/index.php\/wp-json\/wp\/v2\/comments?post=43457"}],"version-history":[{"count":0,"href":"https:\/\/247stiri.ro\/index.php\/wp-json\/wp\/v2\/posts\/43457\/revisions"}],"wp:featuredmedia":[{"embeddable":true,"href":"https:\/\/247stiri.ro\/index.php\/wp-json\/wp\/v2\/media\/43458"}],"wp:attachment":[{"href":"https:\/\/247stiri.ro\/index.php\/wp-json\/wp\/v2\/media?parent=43457"}],"wp:term":[{"taxonomy":"category","embeddable":true,"href":"https:\/\/247stiri.ro\/index.php\/wp-json\/wp\/v2\/categories?post=43457"},{"taxonomy":"post_tag","embeddable":true,"href":"https:\/\/247stiri.ro\/index.php\/wp-json\/wp\/v2\/tags?post=43457"}],"curies":[{"name":"wp","href":"https:\/\/api.w.org\/{rel}","templated":true}]}}