{"id":43483,"date":"2025-03-29T06:45:05","date_gmt":"2025-03-29T06:45:05","guid":{"rendered":"https:\/\/247stiri.ro\/index.php\/2025\/03\/29\/mesaj-de-forta-al-sefei-pot-anamaria-gavrila-calin-georgescu-este-in-continuare-alaturi-de-george-simion\/"},"modified":"2025-03-29T06:45:05","modified_gmt":"2025-03-29T06:45:05","slug":"mesaj-de-forta-al-sefei-pot-anamaria-gavrila-calin-georgescu-este-in-continuare-alaturi-de-george-simion","status":"publish","type":"post","link":"https:\/\/247stiri.ro\/index.php\/2025\/03\/29\/mesaj-de-forta-al-sefei-pot-anamaria-gavrila-calin-georgescu-este-in-continuare-alaturi-de-george-simion\/","title":{"rendered":"Mesaj de for\u021b\u0103 al \u0219efei POT. Anamaria Gavril\u0103: C\u0103lin Georgescu este \u00een continuare al\u0103turi de George Simion"},"content":{"rendered":"<p>&#8222;Noi suntem aici s\u0103 sus\u021binem un candidat al mi\u0219c\u0103rii care s-a ridicat \u00een urm\u0103 candidaturii dl C\u0103lin Georgescu.Am fost cea care a fost martor\u0103 la discu\u021bia dintre dl George Simion \u0219i dl C\u0103lin\u00a0Georgescu\u00a0\u0219i va spun c\u0103 dl George Simion \u0219i tot ce se \u00eent\u00e2mpl\u0103 merge conform planului.Noi ne preg\u0103tim, ne preg\u0103tim pentru absolut orice trebuie c\u0103 noi s\u0103 nu fim lua\u021bi prin surprindere, c\u0103 actualii guvernan\u021bi. Suntem preg\u0103ti\u021bi, suntem ni\u0219te oameni care &#8211; dup\u0103 cum a\u021bi v\u0103zut &#8211; venim dintr-un cadrul profesional, suntem experimenta\u021bi cu procese, cu proceduri, cu a aduce un proiect de la A la Z. Nu este nimic \u00eengrijor\u0103tor \u0219i chiar a\u0219 vrea s\u0103 folosesc aceast\u0103 oportunitate pentru a asigura primarii. Primarii \u00een ultima s\u0103pt\u0103m\u00e2na au fost amenin\u021ba\u021bi continuu de actual\u0103 guvernare c\u0103 dac\u0103 nu c\u00e2\u0219tig\u0103 al lor candidat, vezi Doamne, va veni r\u0103ul peste ei. Eu vreau s\u0103 asigur primarii c\u0103 noi \u00een niciun caz nu vom avea o atitudine de r\u0103zbunare sau s\u0103 c\u0103ut\u0103m prin trecut, ci focusul\u00a0nostru este de-acum \u00eenainte, pe ce putem face \u00eempreun\u0103, pe conlucrare pentru c\u0103 prim\u0103riile sunt foarte importante.La un moment dat ai nevoie de o pauz\u0103, de un repaos, de reflec\u021bie, de a vedea cum merg de-aici \u00eencolo. Cred c\u0103 aceast\u0103 este pauz\u0103 pe care dl Georgescu \u0219i-a luat-o \u0219i sunt sigur\u0103 c\u0103 el nu s-a\u00a0dep\u0103rat\u00a0\u00een niciun caz de misiune, ci el \u00ee\u0219i adun\u0103 for\u021bele pentru c\u0103 de acum \u00eencolo s\u0103 fim \u0219i mai puternici, trei \u00eempreun\u0103&#8221;, a declarat Anamaria\u00a0Gavril\u0103.<\/p>","protected":false},"excerpt":{"rendered":"<p>&#8222;Noi suntem aici s\u0103 sus\u021binem un candidat al mi\u0219c\u0103rii care s-a ridicat \u00een urm\u0103 candidaturii&hellip;<\/p>\n","protected":false},"author":0,"featured_media":43484,"comment_status":"open","ping_status":"open","sticky":false,"template":"","format":"standard","meta":{"footnotes":""},"categories":[3],"tags":[],"class_list":["post-43483","post","type-post","status-publish","format-standard","has-post-thumbnail","hentry","category-politica"],"_links":{"self":[{"href":"https:\/\/247stiri.ro\/index.php\/wp-json\/wp\/v2\/posts\/43483","targetHints":{"allow":["GET"]}}],"collection":[{"href":"https:\/\/247stiri.ro\/index.php\/wp-json\/wp\/v2\/posts"}],"about":[{"href":"https:\/\/247stiri.ro\/index.php\/wp-json\/wp\/v2\/types\/post"}],"replies":[{"embeddable":true,"href":"https:\/\/247stiri.ro\/index.php\/wp-json\/wp\/v2\/comments?post=43483"}],"version-history":[{"count":0,"href":"https:\/\/247stiri.ro\/index.php\/wp-json\/wp\/v2\/posts\/43483\/revisions"}],"wp:featuredmedia":[{"embeddable":true,"href":"https:\/\/247stiri.ro\/index.php\/wp-json\/wp\/v2\/media\/43484"}],"wp:attachment":[{"href":"https:\/\/247stiri.ro\/index.php\/wp-json\/wp\/v2\/media?parent=43483"}],"wp:term":[{"taxonomy":"category","embeddable":true,"href":"https:\/\/247stiri.ro\/index.php\/wp-json\/wp\/v2\/categories?post=43483"},{"taxonomy":"post_tag","embeddable":true,"href":"https:\/\/247stiri.ro\/index.php\/wp-json\/wp\/v2\/tags?post=43483"}],"curies":[{"name":"wp","href":"https:\/\/api.w.org\/{rel}","templated":true}]}}