{"id":43491,"date":"2025-03-29T06:45:08","date_gmt":"2025-03-29T06:45:08","guid":{"rendered":"https:\/\/247stiri.ro\/index.php\/2025\/03\/29\/noi-ipoteze-in-cazul-celor-doi-soti-gasiti-carbonizati-in-masina-scenariu-de-groaza-cum-au-murit\/"},"modified":"2025-03-29T06:45:08","modified_gmt":"2025-03-29T06:45:08","slug":"noi-ipoteze-in-cazul-celor-doi-soti-gasiti-carbonizati-in-masina-scenariu-de-groaza-cum-au-murit","status":"publish","type":"post","link":"https:\/\/247stiri.ro\/index.php\/2025\/03\/29\/noi-ipoteze-in-cazul-celor-doi-soti-gasiti-carbonizati-in-masina-scenariu-de-groaza-cum-au-murit\/","title":{"rendered":"Noi IPOTEZE \u00een cazul celor doi so\u021bi g\u0103si\u021bi carboniza\u021bi \u00een ma\u0219in\u0103. Scenariu de groaz\u0103: cum au MURIT"},"content":{"rendered":"<p>Incidentul \u0219ocant a avut loc \u00eentre dou\u0103 localit\u0103\u021bi din jude\u021bul Buz\u0103u. Ma\u0219ina \u00een care se aflau cei doi, Valentin \u0219i Monica, a fost g\u0103sit\u0103 de trec\u0103tori, care au alertat imediat autorit\u0103\u021bile. Autoturismul, despre care sursele spun c\u0103 apar\u021bine femeii, a ars ca o tor\u021b\u0103.<\/p>\n<p>Monica avea 27 de ani \u0219i locuia la rude de c\u00e2nd a \u00eenceput procesul de divort. Familia a alertat poli\u021bia dup\u0103 ce aceasta nu s-a mai \u00eentors de la serviciu. Vecinii spun c\u0103 Valentin ar fi a\u0219teptat-o s\u0103 ias\u0103 de la munc\u0103 ca s\u0103-\u0219i ia b\u0103iatul. Cel mai probabil, spun oamenii, \u00eentre fo\u0219tii parteneri ar fi izbucnit o ceart\u0103, iar \u00een scurt timp s-ar fi ajuns la crim\u0103.<\/p>\n\n<p>Anchetatorii iau \u00een calcul toate ipotezele \u0219i colaboreaz\u0103 cu familiile celor doi pentru a afla ce s-a \u00eent\u00e2mplat. Se pare c\u0103 ma\u0219ina era \u00eenchis\u0103 pe interior atunci c\u00e2nd s-a produs incendiul. Fl\u0103c\u0103rile au fost at\u00e2t de violente \u00eenc\u00e2t t\u00e2n\u0103ra a putut fi identificat\u0103 doar cu ajutorul l\u0103n\u021bi\u0219orului pe care \u00eel purta la g\u00e2t.<\/p>\n<p>Cuno\u0219tin\u021bele spun despre Valentin c\u0103 era extrem de gelos \u0219i c\u0103 avea un comportament violent, fapt care \u00eent\u0103re\u0219te suspiciunile c\u0103 totul ar fi fost o crim\u0103.\u00a0<\/p>","protected":false},"excerpt":{"rendered":"<p>Incidentul \u0219ocant a avut loc \u00eentre dou\u0103 localit\u0103\u021bi din jude\u021bul Buz\u0103u. Ma\u0219ina \u00een care se&hellip;<\/p>\n","protected":false},"author":0,"featured_media":43492,"comment_status":"open","ping_status":"open","sticky":false,"template":"","format":"standard","meta":{"footnotes":""},"categories":[2],"tags":[],"class_list":["post-43491","post","type-post","status-publish","format-standard","has-post-thumbnail","hentry","category-actual"],"_links":{"self":[{"href":"https:\/\/247stiri.ro\/index.php\/wp-json\/wp\/v2\/posts\/43491","targetHints":{"allow":["GET"]}}],"collection":[{"href":"https:\/\/247stiri.ro\/index.php\/wp-json\/wp\/v2\/posts"}],"about":[{"href":"https:\/\/247stiri.ro\/index.php\/wp-json\/wp\/v2\/types\/post"}],"replies":[{"embeddable":true,"href":"https:\/\/247stiri.ro\/index.php\/wp-json\/wp\/v2\/comments?post=43491"}],"version-history":[{"count":0,"href":"https:\/\/247stiri.ro\/index.php\/wp-json\/wp\/v2\/posts\/43491\/revisions"}],"wp:featuredmedia":[{"embeddable":true,"href":"https:\/\/247stiri.ro\/index.php\/wp-json\/wp\/v2\/media\/43492"}],"wp:attachment":[{"href":"https:\/\/247stiri.ro\/index.php\/wp-json\/wp\/v2\/media?parent=43491"}],"wp:term":[{"taxonomy":"category","embeddable":true,"href":"https:\/\/247stiri.ro\/index.php\/wp-json\/wp\/v2\/categories?post=43491"},{"taxonomy":"post_tag","embeddable":true,"href":"https:\/\/247stiri.ro\/index.php\/wp-json\/wp\/v2\/tags?post=43491"}],"curies":[{"name":"wp","href":"https:\/\/api.w.org\/{rel}","templated":true}]}}