{"id":43503,"date":"2025-03-29T07:45:05","date_gmt":"2025-03-29T07:45:05","guid":{"rendered":"https:\/\/247stiri.ro\/index.php\/2025\/03\/29\/vasile-banescu-s-a-razgandit-dupa-scandalul-pe-care-l-a-provocat-marcel-ciolacu-si-adrian-nastase-iau-apararea-jurnalistului-marius-tuca\/"},"modified":"2025-03-29T07:45:05","modified_gmt":"2025-03-29T07:45:05","slug":"vasile-banescu-s-a-razgandit-dupa-scandalul-pe-care-l-a-provocat-marcel-ciolacu-si-adrian-nastase-iau-apararea-jurnalistului-marius-tuca","status":"publish","type":"post","link":"https:\/\/247stiri.ro\/index.php\/2025\/03\/29\/vasile-banescu-s-a-razgandit-dupa-scandalul-pe-care-l-a-provocat-marcel-ciolacu-si-adrian-nastase-iau-apararea-jurnalistului-marius-tuca\/","title":{"rendered":"Vasile B\u0103nescu s-a R\u0102ZG\u00c2NDIT dup\u0103 scandalul pe care l-a provocat. Marcel Ciolacu \u0219i Adrian N\u0103stase iau ap\u0103rarea jurnalistului Marius Tuc\u0103"},"content":{"rendered":"<p>Vasile B\u0103nescu s-a r\u0103zg\u00e2ndit \u0219i a postat un mesaj pe contul s\u0103u de Facebook \u00een care spune c\u0103 \u00ee\u0219i regret\u0103 acuza\u021biile la adresa jurnalistului Marius Tuc\u0103. Membrul CNA recunoa\u0219te public c\u0103 A SPUS LUCRURI care au fost crticate pe bun\u0103 dreptate.<\/p>\n<p>&#8222;Mie mi se pare incredibil, dupa 35 de ani sa vina CNA-ul si personajele care au vorbit sa spuna ca nu ai voie sa contrazici o instituie a statului. Dumnezeule! Fac emisiuni de televiziune din 1996, sunt ziarist din decembrie 89. Am scris 22 de ani in fiecare zi intr-un cotidian. Nu mi-a taiat nimeni un rand&#8221;, a declarat Tuc\u0103, la Realitatea PLUS.\u00a0<\/p>\n<p>\u0218i premierul Rom\u00e2niei, Marcel Ciolacu a reac\u021bionat \u00een urma scandalului mediatic \u0219i spune c\u0103 decizia CNA nu a fost una corect\u0103 pentru c\u0103 fiecare este liber s\u0103 fie sau nu de acord cu o opinie exprimat\u0103 \u00een spa\u021biul public.<\/p>\n<p>Fostul premier Adrian N\u0103stase a reac\u021bionat \u0219i el pe blogul s\u0103u unde spune c\u0103 m\u0103sura este un abuz.<\/p>\n<p>Asocia\u021bia pentru Ap\u0103rarea Drepturilor Omului \u00een Rom\u00e2nia a cerut demiterea lui Vasile B\u0103nescu, dup\u0103 cenzurarea jurnalistului Marius Tuc\u0103. Reprezentan\u021bii asocia\u021biei acuz\u0103 c\u0103 B\u0103nescu nu are nici m\u0103car minime cuno\u0219tin\u021be despre libertatea de exprimare \u0219i limitele acesteia, mai cu seam\u0103 \u00een cazul jurnali\u0219tilor.\u00a0<\/p>","protected":false},"excerpt":{"rendered":"<p>Vasile B\u0103nescu s-a r\u0103zg\u00e2ndit \u0219i a postat un mesaj pe contul s\u0103u de Facebook \u00een&hellip;<\/p>\n","protected":false},"author":0,"featured_media":43504,"comment_status":"open","ping_status":"open","sticky":false,"template":"","format":"standard","meta":{"footnotes":""},"categories":[2],"tags":[],"class_list":["post-43503","post","type-post","status-publish","format-standard","has-post-thumbnail","hentry","category-actual"],"_links":{"self":[{"href":"https:\/\/247stiri.ro\/index.php\/wp-json\/wp\/v2\/posts\/43503","targetHints":{"allow":["GET"]}}],"collection":[{"href":"https:\/\/247stiri.ro\/index.php\/wp-json\/wp\/v2\/posts"}],"about":[{"href":"https:\/\/247stiri.ro\/index.php\/wp-json\/wp\/v2\/types\/post"}],"replies":[{"embeddable":true,"href":"https:\/\/247stiri.ro\/index.php\/wp-json\/wp\/v2\/comments?post=43503"}],"version-history":[{"count":0,"href":"https:\/\/247stiri.ro\/index.php\/wp-json\/wp\/v2\/posts\/43503\/revisions"}],"wp:featuredmedia":[{"embeddable":true,"href":"https:\/\/247stiri.ro\/index.php\/wp-json\/wp\/v2\/media\/43504"}],"wp:attachment":[{"href":"https:\/\/247stiri.ro\/index.php\/wp-json\/wp\/v2\/media?parent=43503"}],"wp:term":[{"taxonomy":"category","embeddable":true,"href":"https:\/\/247stiri.ro\/index.php\/wp-json\/wp\/v2\/categories?post=43503"},{"taxonomy":"post_tag","embeddable":true,"href":"https:\/\/247stiri.ro\/index.php\/wp-json\/wp\/v2\/tags?post=43503"}],"curies":[{"name":"wp","href":"https:\/\/api.w.org\/{rel}","templated":true}]}}