{"id":43515,"date":"2025-03-29T08:45:26","date_gmt":"2025-03-29T08:45:26","guid":{"rendered":"https:\/\/247stiri.ro\/index.php\/2025\/03\/29\/procurorii-pregatesc-noi-perchezitii-in-cazul-lui-bogdan-peschir-avocat-sistemul-ii-pune-la-zid-pe-sustinatorii-lui-georgescu\/"},"modified":"2025-03-29T08:45:26","modified_gmt":"2025-03-29T08:45:26","slug":"procurorii-pregatesc-noi-perchezitii-in-cazul-lui-bogdan-peschir-avocat-sistemul-ii-pune-la-zid-pe-sustinatorii-lui-georgescu","status":"publish","type":"post","link":"https:\/\/247stiri.ro\/index.php\/2025\/03\/29\/procurorii-pregatesc-noi-perchezitii-in-cazul-lui-bogdan-peschir-avocat-sistemul-ii-pune-la-zid-pe-sustinatorii-lui-georgescu\/","title":{"rendered":"Procurorii preg\u0103tesc noi PERCHEZI\u021aII \u00een cazul lui Bogdan Pe\u0219chir. Avocat: Sistemul \u00eei pune la zid pe sus\u021bin\u0103torii lui Georgescu"},"content":{"rendered":"<p>Potrivit informa\u021biilor Realitatea PLUS, procurorii de la Parchetul General urmeaz\u0103 s\u0103 fac\u0103 noi perchezi\u021bii \u00een dosarul \u00een care <a href=\"https:\/\/www.realitatea.net\/stiri\/actual\/argumentele-halucinante-in-baza-carora-judecatorii-au-decis-ca-bogdan-peschir-bogpr-ramane-in-arest-preventiv-exclusiv_67e51e3e5628221fe02540f2\" target=\"_blank\">Bogdan Pe\u0219chir<\/a> este acuzat de coruperea aleg\u0103torilor.\u00a0<\/p>\n<p>Anchetatorii vor s\u0103 g\u0103seasc\u0103 acum c\u00e2t mai multe probe pentru a urma noi piste. Vorbim fie despre conversa\u021bii, fie despre \u00eenregistr\u0103ri audio-video, fapt ce i-ar putea face pe anchetatori s\u0103 g\u0103seasc\u0103 noi persoane implicate \u00een acest caz.\u00a0<\/p>\n<p>De altfel, nu este exclus ca \u00een perioada urm\u0103toare s\u0103 fim martori la noi audieri la Parchetul General \u0219i ca al\u021bi martori cheie s\u0103 ajung\u0103 \u00een fa\u021ba procurorilor pentru a da explica\u021bii.\u00a0<\/p>\n<p>Avocatul lui <a href=\"https:\/\/www.realitatea.net\/stiri\/actual\/avocatul-lui-bogdan-peschir-despre-argumentelor-halucinante-formulate-de-judecatorii-au-dispus-cea-mai-grava-masura-restrictiva_67e55e2d074c9a1f573c9b52\" target=\"_blank\">Bogdan Pe\u0219chir<\/a> a spus \u00een exclusivitate la Realitatea PLUS, la Teveviziunea Poporului, c\u0103 sistemul \u00eencearc\u0103 cu orice pre\u021b s\u0103 \u00eei pun\u0103 la zid pe cei care l-au sus\u021binut pe C\u0103lin Georgescu \u00een tot acest timp.<\/p>\n<p>Pe de al\u0103 parte, avoca\u021bii lui Bogdan Pe\u0219chir au contestat arestul preventiv &#8211; m\u0103sur\u0103 impus\u0103 de magistra\u021bii de la Judec\u0103toria Sectorului 5, astfel c\u0103 \u00een data de 2 aprilie judec\u0103torii de la Tribunalul Bucure\u0219ti urmeaz\u0103 s\u0103 se \u00eent\u00e2lneasc\u0103 s\u0103 analizeze aceast\u0103 contesta\u021bie \u0219i s\u0103 ia o decizie.\u00a0<\/p>","protected":false},"excerpt":{"rendered":"<p>Potrivit informa\u021biilor Realitatea PLUS, procurorii de la Parchetul General urmeaz\u0103 s\u0103 fac\u0103 noi perchezi\u021bii \u00een&hellip;<\/p>\n","protected":false},"author":0,"featured_media":43516,"comment_status":"open","ping_status":"open","sticky":false,"template":"","format":"standard","meta":{"footnotes":""},"categories":[2],"tags":[],"class_list":["post-43515","post","type-post","status-publish","format-standard","has-post-thumbnail","hentry","category-actual"],"_links":{"self":[{"href":"https:\/\/247stiri.ro\/index.php\/wp-json\/wp\/v2\/posts\/43515","targetHints":{"allow":["GET"]}}],"collection":[{"href":"https:\/\/247stiri.ro\/index.php\/wp-json\/wp\/v2\/posts"}],"about":[{"href":"https:\/\/247stiri.ro\/index.php\/wp-json\/wp\/v2\/types\/post"}],"replies":[{"embeddable":true,"href":"https:\/\/247stiri.ro\/index.php\/wp-json\/wp\/v2\/comments?post=43515"}],"version-history":[{"count":0,"href":"https:\/\/247stiri.ro\/index.php\/wp-json\/wp\/v2\/posts\/43515\/revisions"}],"wp:featuredmedia":[{"embeddable":true,"href":"https:\/\/247stiri.ro\/index.php\/wp-json\/wp\/v2\/media\/43516"}],"wp:attachment":[{"href":"https:\/\/247stiri.ro\/index.php\/wp-json\/wp\/v2\/media?parent=43515"}],"wp:term":[{"taxonomy":"category","embeddable":true,"href":"https:\/\/247stiri.ro\/index.php\/wp-json\/wp\/v2\/categories?post=43515"},{"taxonomy":"post_tag","embeddable":true,"href":"https:\/\/247stiri.ro\/index.php\/wp-json\/wp\/v2\/tags?post=43515"}],"curies":[{"name":"wp","href":"https:\/\/api.w.org\/{rel}","templated":true}]}}