{"id":43531,"date":"2025-03-29T10:45:06","date_gmt":"2025-03-29T10:45:06","guid":{"rendered":"https:\/\/247stiri.ro\/index.php\/2025\/03\/29\/capitala-lasata-in-paragina-de-primarul-care-se-viseaza-presedinte-parcul-herastrau-planseul-unirii-si-lipsa-caldurii-si-a-apei-calde-printre-probleme\/"},"modified":"2025-03-29T10:45:06","modified_gmt":"2025-03-29T10:45:06","slug":"capitala-lasata-in-paragina-de-primarul-care-se-viseaza-presedinte-parcul-herastrau-planseul-unirii-si-lipsa-caldurii-si-a-apei-calde-printre-probleme","status":"publish","type":"post","link":"https:\/\/247stiri.ro\/index.php\/2025\/03\/29\/capitala-lasata-in-paragina-de-primarul-care-se-viseaza-presedinte-parcul-herastrau-planseul-unirii-si-lipsa-caldurii-si-a-apei-calde-printre-probleme\/","title":{"rendered":"Capitala, l\u0103sat\u0103 \u00een paragin\u0103 de primarul care se viseaz\u0103 pre\u0219edinte! Parcul Her\u0103str\u0103u, plan\u0219eul Unirii \u0219i lipsa c\u0103ldurii \u0219i a apei calde, printre probleme"},"content":{"rendered":"<p>De\u0219i Prim\u0103ria Capitalei este aproape de colaps administrativ, Nicu\u0219or Dan viseaz\u0103 la Pre\u0219edin\u021bia Rom\u00e2nia, asta de\u0219i sunt foarte multe probleme \u00een Capital\u0103 care nu au fost rezolvate \u0219i foarte multe proiecte \u00een timpul mandatului s\u0103u, care au fost blocate.\u00a0<\/p>\n<p>Parcurile din Capital\u0103 sunt \u00een paragin\u0103 \u0219i sunt, totodat\u0103, un pericol real pentru trec\u0103tori, cum este \u0219i o strad\u0103 extrem de circulat\u0103 din Parcul Her\u0103str\u0103u. Problema nu este de acum, ci dureaz\u0103 de c\u00e2\u021biva ani. Prim\u0103ria Capitalei nu a f\u0103cut nimic \u00een tot acest timp ca s\u0103 repare aceast\u0103 strad\u0103.\u00a0<\/p>\n<p>Strada este una extrem de circual\u0103 pentru c\u0103 se afl\u0103 aproape de zona de restaurante. \u00cen plus de asta, pe aici trec zilnic oameni care ies s\u0103 se plimbe sau s\u0103 alerge, dar \u0219i familii care vin cu cei mici cu rolele sau cu bicicleta. Doamne fere\u0219te s\u0103 se \u00eent\u00e2mple aici un incident.\u00a0<\/p>\n<p>O alt\u0103 problem\u0103 foarte grav\u0103 este plan\u0219eul Unirii, care \u0219i acela este un pericol real pentru bucure\u0219teni.\u00a0<\/p>","protected":false},"excerpt":{"rendered":"<p>De\u0219i Prim\u0103ria Capitalei este aproape de colaps administrativ, Nicu\u0219or Dan viseaz\u0103 la Pre\u0219edin\u021bia Rom\u00e2nia, asta&hellip;<\/p>\n","protected":false},"author":0,"featured_media":43530,"comment_status":"open","ping_status":"open","sticky":false,"template":"","format":"standard","meta":{"footnotes":""},"categories":[2],"tags":[],"class_list":["post-43531","post","type-post","status-publish","format-standard","has-post-thumbnail","hentry","category-actual"],"_links":{"self":[{"href":"https:\/\/247stiri.ro\/index.php\/wp-json\/wp\/v2\/posts\/43531","targetHints":{"allow":["GET"]}}],"collection":[{"href":"https:\/\/247stiri.ro\/index.php\/wp-json\/wp\/v2\/posts"}],"about":[{"href":"https:\/\/247stiri.ro\/index.php\/wp-json\/wp\/v2\/types\/post"}],"replies":[{"embeddable":true,"href":"https:\/\/247stiri.ro\/index.php\/wp-json\/wp\/v2\/comments?post=43531"}],"version-history":[{"count":0,"href":"https:\/\/247stiri.ro\/index.php\/wp-json\/wp\/v2\/posts\/43531\/revisions"}],"wp:featuredmedia":[{"embeddable":true,"href":"https:\/\/247stiri.ro\/index.php\/wp-json\/wp\/v2\/media\/43530"}],"wp:attachment":[{"href":"https:\/\/247stiri.ro\/index.php\/wp-json\/wp\/v2\/media?parent=43531"}],"wp:term":[{"taxonomy":"category","embeddable":true,"href":"https:\/\/247stiri.ro\/index.php\/wp-json\/wp\/v2\/categories?post=43531"},{"taxonomy":"post_tag","embeddable":true,"href":"https:\/\/247stiri.ro\/index.php\/wp-json\/wp\/v2\/tags?post=43531"}],"curies":[{"name":"wp","href":"https:\/\/api.w.org\/{rel}","templated":true}]}}