{"id":43532,"date":"2025-03-29T10:45:07","date_gmt":"2025-03-29T10:45:07","guid":{"rendered":"https:\/\/247stiri.ro\/index.php\/2025\/03\/29\/mobilizare-uriasa-in-fata-parlamentului-european-diaspora-cere-alegeri-libere-dupa-scoaterea-lui-georgescu-din-cursa-prezidentiala\/"},"modified":"2025-03-29T10:45:07","modified_gmt":"2025-03-29T10:45:07","slug":"mobilizare-uriasa-in-fata-parlamentului-european-diaspora-cere-alegeri-libere-dupa-scoaterea-lui-georgescu-din-cursa-prezidentiala","status":"publish","type":"post","link":"https:\/\/247stiri.ro\/index.php\/2025\/03\/29\/mobilizare-uriasa-in-fata-parlamentului-european-diaspora-cere-alegeri-libere-dupa-scoaterea-lui-georgescu-din-cursa-prezidentiala\/","title":{"rendered":"Mobilizare uria\u0219\u0103 \u00een fa\u021ba Parlamentului European. Diaspora cere ALEGERI LIBERE dup\u0103 scoaterea lui Georgescu din cursa preziden\u021bial\u0103"},"content":{"rendered":"<p>Este mobilizare de excep\u021bie \u00een fa\u021ba Parlamentului European. Oamenii revolta\u021bi urmeaz\u0103 s\u0103 se \u00eent\u00e2lneasc\u0103 \u00een jurul orei 13.00, ora Rom\u00e2niei, pentru a cere alegeri libere \u00een urma atacului la democra\u021bie \u0219i, foarte important, \u00een urma respingerii candidaturii lui C\u0103lin Georgescu din cursa pentru Pre\u0219edin\u021bia Rom\u00e2niei.<\/p>\n<p>Rom\u00e2nii at\u00e2t din \u021bar\u0103, c\u00e2t \u0219i din str\u0103in\u0103tate nu uit\u0103 ce s-a \u00eent\u00e2mplat \u00een decembrie, tocmai din acest motiv ace\u0219tia sunt din ce \u00een ce mai uni\u021bi \u0219i spun c\u0103 vor s\u0103 aminteasc\u0103 sistemului c\u0103 decizia de anulare a alegerilor preziden\u021biale nu a fost luat\u0103 pe probe concrete, iar respingerea candidaturii lui C\u0103lin Georgescu a fost un abuz. Oamenii spun c\u0103 vor lupta \u00een continuare pentru pace, libertate \u0219i democra\u021bie.<\/p>\n<p>Rom\u00e2nii care ies ast\u0103zi \u00een strad\u0103 cer un vot democratic \u0219i o Rom\u00e2nie democratic\u0103. Din acest motiv au formulat \u0219i dou\u0103 scrisori pe care urmeaz\u0103 s\u0103 le depun\u0103 la institu\u021bii cheie din Uniunea European\u0103.<\/p>","protected":false},"excerpt":{"rendered":"<p>Este mobilizare de excep\u021bie \u00een fa\u021ba Parlamentului European. Oamenii revolta\u021bi urmeaz\u0103 s\u0103 se \u00eent\u00e2lneasc\u0103 \u00een&hellip;<\/p>\n","protected":false},"author":0,"featured_media":43533,"comment_status":"open","ping_status":"open","sticky":false,"template":"","format":"standard","meta":{"footnotes":""},"categories":[2],"tags":[],"class_list":["post-43532","post","type-post","status-publish","format-standard","has-post-thumbnail","hentry","category-actual"],"_links":{"self":[{"href":"https:\/\/247stiri.ro\/index.php\/wp-json\/wp\/v2\/posts\/43532","targetHints":{"allow":["GET"]}}],"collection":[{"href":"https:\/\/247stiri.ro\/index.php\/wp-json\/wp\/v2\/posts"}],"about":[{"href":"https:\/\/247stiri.ro\/index.php\/wp-json\/wp\/v2\/types\/post"}],"replies":[{"embeddable":true,"href":"https:\/\/247stiri.ro\/index.php\/wp-json\/wp\/v2\/comments?post=43532"}],"version-history":[{"count":0,"href":"https:\/\/247stiri.ro\/index.php\/wp-json\/wp\/v2\/posts\/43532\/revisions"}],"wp:featuredmedia":[{"embeddable":true,"href":"https:\/\/247stiri.ro\/index.php\/wp-json\/wp\/v2\/media\/43533"}],"wp:attachment":[{"href":"https:\/\/247stiri.ro\/index.php\/wp-json\/wp\/v2\/media?parent=43532"}],"wp:term":[{"taxonomy":"category","embeddable":true,"href":"https:\/\/247stiri.ro\/index.php\/wp-json\/wp\/v2\/categories?post=43532"},{"taxonomy":"post_tag","embeddable":true,"href":"https:\/\/247stiri.ro\/index.php\/wp-json\/wp\/v2\/tags?post=43532"}],"curies":[{"name":"wp","href":"https:\/\/api.w.org\/{rel}","templated":true}]}}