{"id":43544,"date":"2025-03-29T12:45:01","date_gmt":"2025-03-29T12:45:01","guid":{"rendered":"https:\/\/247stiri.ro\/index.php\/2025\/03\/29\/cum-vor-sorosistii-lui-macron-sa-puna-mana-pe-romania-analiza-evenimentelor\/"},"modified":"2025-03-29T12:45:01","modified_gmt":"2025-03-29T12:45:01","slug":"cum-vor-sorosistii-lui-macron-sa-puna-mana-pe-romania-analiza-evenimentelor","status":"publish","type":"post","link":"https:\/\/247stiri.ro\/index.php\/2025\/03\/29\/cum-vor-sorosistii-lui-macron-sa-puna-mana-pe-romania-analiza-evenimentelor\/","title":{"rendered":"Cum vor sorosi\u0219tii lui Macron s\u0103 pun\u0103 m\u00e2na pe Rom\u00e2nia. ANALIZA EVENIMENTELOR"},"content":{"rendered":"<p>La \u00eenceputul lunii februarie a acestui an, a ie\u0219it la iveal\u0103 un raport guvernamental francez care sus\u021binea c\u0103 alegerile preziden\u021biale din Rom\u00e2nia au fost \u021binta unei campanii de manipulare a algoritmului TikTok. Conform documentului, popularitatea lui C\u0103lin Georgescu a crescut de tei ori \u00een ultimele dou\u0103 s\u0103pt\u0103m\u00e2ni de dinaintea primului tur de scrutin. Oamenii lui Macron au venit cu acuza\u021bii dure \u0219i au declarat c\u0103 aceast\u0103 cre\u0219tere nu putea fi \u00eent\u00e2mpl\u0103toare.<\/p>\n<p>La doar c\u00e2teva zile de la raportul francezilor, Klaus Iohannis a anun\u021bat c\u0103 renun\u021b\u0103 la func\u021bie f\u0103r\u0103 s\u0103 desecretizeze probele din CSAT care au stat la baza anul\u0103rii alegerilor.<\/p>\n<p>\u00cen cadrul summit-ului de la Paris organizat de Emannuel Macron pe 18 februarie, unde Bolojan a ratat invita\u021bia, pre\u0219edintele francez a acuzat Rusia c\u0103 manipuleaz\u0103 alegerile din Rom\u00e2nia. La dou\u0103 zile distan\u021b\u0103, Ilie Bolojan a vrut s\u0103 \u00ee\u0219i spele ru\u0219inea \u0219i l-a vizitat pe omologul s\u0103u francez.<\/p>\n<p>Pe 19 februarie a fost prima vizit\u0103 extern\u0103 a lui Bolojan \u00een calitate de pre\u0219edinte interimar.<\/p>\n<p>&#8222;Este extrem de grav \u0219i inedit, \u00een Uniunea European\u0103. Este dur c\u0103 instan\u021ba suprem\u0103 (CCR &#8211; n.r.) a identificat faptul c\u0103 Rusia, prin intermediari, conturi fake, rela\u021bii, a manipulat aceste alegeri&#8221;, afirma Emmanuel Macron.<\/p>\n<p>\u00cen plus, la \u00eenceputul lunii martie, \u00een data de 5, ambasadorul Fran\u021bei \u00een Rom\u00e2nia Nicolas Warney, a avut o \u00eent\u00e2lnire cu pre\u0219edintele CCR Marian Enache.<\/p>\n<p>La o s\u0103pt\u0103m\u00e2n\u0103 distan\u021b\u0103, pe 11 martie a avut loc \u0219i eliminarea din cursa preziden\u021bial\u0103 de c\u0103tre CCR a lui C\u0103lin Georgescu.<\/p>\n<p>La o s\u0103pt\u0103m\u00e2n\u0103 distan\u021b\u0103, pe 18 martie, Dacian Ciolo\u0219, fostul lider al grupului lui Macron RENEW, din Parlamentul European, a fost numit de Ilie Bolojan noul consilier preziden\u021bial.<\/p>\n<p>Mai mult dec\u00e2t at\u00e2t, a doua zi, ambasadorul Fran\u021bei \u00een Rom\u00e2nia \u00eei mul\u021bume\u0219te pe X lui Ilie Bolojan pentru rezolvarea unor dosare. \u00cens\u0103, aceast\u0103 informa\u021bie nu a fost f\u0103cut\u0103 public\u0103 de Administra\u021bia Preziden\u021bial\u0103.<\/p>\n<p>\u00cen aceea\u0219i zi, candidatul independent la preziden\u021biale, Nicu\u0219or Dan, s-a \u00eent\u00e2lnit pe ascuns cu Ilie Bolojan chiar \u00een palatul Cotroceni, pentru a se asigura c\u0103 alegerile din mai vor fi corecte.<\/p>\n<p>Mai mult dec\u00e2t at\u00e2t, Ilie Bolojan a \u00eencercat s\u0103 mascheze adev\u0103ratul motiv pentru care l-a adus pe Ciolo\u0219 la Cotroceni, spun\u00e2nd c\u0103 se poate folosi de experien\u021ba sa.<\/p>\n<p>&#8222;Una dintre erorile pe care le-am f\u0103cut noi a fost c\u0103 nu am valorificat comisarii no\u0219tri europeni, sunt oameni cu contacte foarte bune&#8221;, afirma Ilie Bolojan.<\/p>\n<p>\u00cens\u0103 \u00eentre timp au ie\u0219it la iveal\u0103 noi detalii despre implicarea francezilor \u00een alegerile din Rom\u00e2nia. Potrivit presei, ambasadorul francez a avut \u00eent\u00e2lniri controversate \u0219i cu membrii CNA. Anul trecut, respectiv la data de 12 aprilie, Consiliul Na\u021bional al Audiovizualului \u0219i cu sprijinul Fran\u021bei a organizat \u201eo sesiune de lucru comun\u0103 pe tema noilor reglement\u0103ri europene \u00een domeniul furniz\u0103rii de servicii media audiovizuale\u201d, se arat\u0103 \u00eentr-un comunicat de pe site-ul CNA.<\/p>","protected":false},"excerpt":{"rendered":"<p>La \u00eenceputul lunii februarie a acestui an, a ie\u0219it la iveal\u0103 un raport guvernamental francez&hellip;<\/p>\n","protected":false},"author":0,"featured_media":43545,"comment_status":"open","ping_status":"open","sticky":false,"template":"","format":"standard","meta":{"footnotes":""},"categories":[3],"tags":[],"class_list":["post-43544","post","type-post","status-publish","format-standard","has-post-thumbnail","hentry","category-politica"],"_links":{"self":[{"href":"https:\/\/247stiri.ro\/index.php\/wp-json\/wp\/v2\/posts\/43544","targetHints":{"allow":["GET"]}}],"collection":[{"href":"https:\/\/247stiri.ro\/index.php\/wp-json\/wp\/v2\/posts"}],"about":[{"href":"https:\/\/247stiri.ro\/index.php\/wp-json\/wp\/v2\/types\/post"}],"replies":[{"embeddable":true,"href":"https:\/\/247stiri.ro\/index.php\/wp-json\/wp\/v2\/comments?post=43544"}],"version-history":[{"count":0,"href":"https:\/\/247stiri.ro\/index.php\/wp-json\/wp\/v2\/posts\/43544\/revisions"}],"wp:featuredmedia":[{"embeddable":true,"href":"https:\/\/247stiri.ro\/index.php\/wp-json\/wp\/v2\/media\/43545"}],"wp:attachment":[{"href":"https:\/\/247stiri.ro\/index.php\/wp-json\/wp\/v2\/media?parent=43544"}],"wp:term":[{"taxonomy":"category","embeddable":true,"href":"https:\/\/247stiri.ro\/index.php\/wp-json\/wp\/v2\/categories?post=43544"},{"taxonomy":"post_tag","embeddable":true,"href":"https:\/\/247stiri.ro\/index.php\/wp-json\/wp\/v2\/tags?post=43544"}],"curies":[{"name":"wp","href":"https:\/\/api.w.org\/{rel}","templated":true}]}}