{"id":43546,"date":"2025-03-29T12:45:02","date_gmt":"2025-03-29T12:45:02","guid":{"rendered":"https:\/\/247stiri.ro\/index.php\/2025\/03\/29\/alexandra-pacuraru-le-am-spus-lui-becali-si-ghita-sa-nu-se-mai-lege-de-numele-meu-documente-devastatoare-dupa-20-aprilie\/"},"modified":"2025-03-29T12:45:02","modified_gmt":"2025-03-29T12:45:02","slug":"alexandra-pacuraru-le-am-spus-lui-becali-si-ghita-sa-nu-se-mai-lege-de-numele-meu-documente-devastatoare-dupa-20-aprilie","status":"publish","type":"post","link":"https:\/\/247stiri.ro\/index.php\/2025\/03\/29\/alexandra-pacuraru-le-am-spus-lui-becali-si-ghita-sa-nu-se-mai-lege-de-numele-meu-documente-devastatoare-dupa-20-aprilie\/","title":{"rendered":"Alexandra P\u0103curaru: Le-am spus lui Becali \u0219i Ghi\u021b\u0103 s\u0103 nu se mai lege de numele meu. Documente devastatoare dup\u0103 20 aprilie"},"content":{"rendered":"<p>&#8222;In aceasta perioada de post nu voi r\u0103spunde raului cu r\u0103u dar dup\u0103 20 am sa fac publice documentele ce sunt in posesia mea, mesaje si \u00eenregistr\u0103ri audio cu Gigi Becali si caracati\u021ba din spatele lui! Nu am nevoie de rug\u0103ciuni false la televizor si cereri de iertare in privat ca sa \u00ee\u0219i fac\u0103 imagine unii pe spatele meu! Dup\u0103 20 Aprilie documentele vor iesi public! Judecata o va face Dumnezeu si instan\u021bele de judecat\u0103!&#8221;, a transmis Alexandra Pacuraru in mesajul de pe contul sau de socializare.\u00a0<\/p>\n<p><a title=\"@alexandra.pacuraru\" href=\"https:\/\/www.tiktok.com\/@alexandra.pacuraru?refer=embed\" target=\"_blank\">@alexandra.pacuraru<\/a> In aceasta perioada de post nu voi r\u0103spunde raului cu r\u0103u dar dup\u0103 20 am sa fac publice documentele ce sunt in posesia mea, mesaje si \u00eenregistr\u0103ri audio cu Gigi Becali si caracati\u021ba din spatele lui! Nu am nevoie de rug\u0103ciuni false la televizor si cereri de iertare in privat ca sa \u00ee\u0219i fac\u0103 imagine unii pe spatele meu! Dup\u0103 20 Aprilie documentele vor iesi public! Judecata o va face Dumnezeu si instan\u021bele de judecat\u0103! <a title=\"romania\" href=\"https:\/\/www.tiktok.com\/tag\/romania?refer=embed\" target=\"_blank\">#romania<\/a> <a title=\"presedinte\" href=\"https:\/\/www.tiktok.com\/tag\/presedinte?refer=embed\" target=\"_blank\">#presedinte<\/a> <a title=\"viitorulrom\u00e2niei\" href=\"https:\/\/www.tiktok.com\/tag\/viitorulrom%C3%A2niei?refer=embed\" target=\"_blank\">#viitorulrom\u00e2niei<\/a> <a title=\"schimbareinrom\u00e2nia\" href=\"https:\/\/www.tiktok.com\/tag\/schimbareinrom%C3%A2nia?refer=embed\" target=\"_blank\">#schimbareinrom\u00e2nia<\/a> <a title=\"rom\u00e2niaconteaz\u0103\" href=\"https:\/\/www.tiktok.com\/tag\/rom%C3%A2niaconteaz%C4%83?refer=embed\" target=\"_blank\">#rom\u00e2niaconteaz\u0103<\/a> <a title=\"alegeri2025\" href=\"https:\/\/www.tiktok.com\/tag\/alegeri2025?refer=embed\" target=\"_blank\">#Alegeri2025<\/a> <a title=\"tineretpentrurom\u00e2nia\" href=\"https:\/\/www.tiktok.com\/tag\/tineretpentrurom%C3%A2nia?refer=embed\" target=\"_blank\">#tineretpentrurom\u00e2nia<\/a> <a title=\"coruptianecosta\" href=\"https:\/\/www.tiktok.com\/tag\/coruptianecosta?refer=embed\" target=\"_blank\">#CoruptiaNeCosta<\/a> <a title=\"luptampentruviitor\" href=\"https:\/\/www.tiktok.com\/tag\/luptampentruviitor?refer=embed\" target=\"_blank\">#LuptamPentruViitor<\/a> <a title=\"oameninoiinpolitica\" href=\"https:\/\/www.tiktok.com\/tag\/oameninoiinpolitica?refer=embed\" target=\"_blank\">#OameniNoiInPolitica<\/a> <a title=\"romaniaeducatieisisanatatii\" href=\"https:\/\/www.tiktok.com\/tag\/romaniaeducatieisisanatatii?refer=embed\" target=\"_blank\">#RomaniaEducatieiSiSanatatii<\/a> <a title=\"taranoastraintai\" href=\"https:\/\/www.tiktok.com\/tag\/taranoastraintai?refer=embed\" target=\"_blank\">#TaraNoastraIntai<\/a> <a title=\"politicaromaneasca\" href=\"https:\/\/www.tiktok.com\/tag\/politicaromaneasca?refer=embed\" target=\"_blank\">#PoliticaRomaneasca<\/a> <a title=\"romania\" href=\"https:\/\/www.tiktok.com\/tag\/romania?refer=embed\" target=\"_blank\">#Romania<\/a> <a title=\"stiripolitice\" href=\"https:\/\/www.tiktok.com\/tag\/stiripolitice?refer=embed\" target=\"_blank\">#StiriPolitice<\/a> <a title=\"analizapolitica\" href=\"https:\/\/www.tiktok.com\/tag\/analizapolitica?refer=embed\" target=\"_blank\">#AnalizaPolitica<\/a> <a title=\"actualitate\" href=\"https:\/\/www.tiktok.com\/tag\/actualitate?refer=embed\" target=\"_blank\">#Actualitate<\/a> <a title=\"dezbateripolitice\" href=\"https:\/\/www.tiktok.com\/tag\/dezbateripolitice?refer=embed\" target=\"_blank\">#DezbateriPolitice<\/a> <a title=\"guvern\" href=\"https:\/\/www.tiktok.com\/tag\/guvern?refer=embed\" target=\"_blank\">#Guvern<\/a> <a title=\"alegeri\" href=\"https:\/\/www.tiktok.com\/tag\/alegeri?refer=embed\" target=\"_blank\">#Alegeri<\/a> <a title=\"politicieni\" href=\"https:\/\/www.tiktok.com\/tag\/politicieni?refer=embed\" target=\"_blank\">#Politicieni<\/a> <a title=\"democratie\" href=\"https:\/\/www.tiktok.com\/tag\/democratie?refer=embed\" target=\"_blank\">#Democratie<\/a> <a title=\"justitie\" href=\"https:\/\/www.tiktok.com\/tag\/justitie?refer=embed\" target=\"_blank\">#Justitie<\/a> <a title=\"reformajustitiei\" href=\"https:\/\/www.tiktok.com\/tag\/reformajustitiei?refer=embed\" target=\"_blank\">#ReformaJustitiei<\/a> <a title=\"anticoruptie\" href=\"https:\/\/www.tiktok.com\/tag\/anticoruptie?refer=embed\" target=\"_blank\">#AntiCoruptie<\/a> <a title=\"trendingromania\" href=\"https:\/\/www.tiktok.com\/tag\/trendingromania?refer=embed\" target=\"_blank\">#TrendingRomania<\/a> <a title=\"viralro\" href=\"https:\/\/www.tiktok.com\/tag\/viralro?refer=embed\" target=\"_blank\">#ViralRo<\/a> <a title=\"opiniazilei\" href=\"https:\/\/www.tiktok.com\/tag\/opiniazilei?refer=embed\" target=\"_blank\">#OpiniaZilei<\/a> <a title=\"romanianews\" href=\"https:\/\/www.tiktok.com\/tag\/romanianews?refer=embed\" target=\"_blank\">#RomaniaNews<\/a> <a title=\"schimbare\" href=\"https:\/\/www.tiktok.com\/tag\/schimbare?refer=embed\" target=\"_blank\">#Schimbare<\/a> <a title=\"\u266c sunet original - Alexandra P\u0103curaru\" href=\"https:\/\/www.tiktok.com\/music\/sunet-original-7487193825686506262?refer=embed\" target=\"_blank\">\u266c sunet original &#8211; Alexandra P\u0103curaru<\/a><\/p>","protected":false},"excerpt":{"rendered":"<p>&#8222;In aceasta perioada de post nu voi r\u0103spunde raului cu r\u0103u dar dup\u0103 20 am&hellip;<\/p>\n","protected":false},"author":0,"featured_media":43547,"comment_status":"open","ping_status":"open","sticky":false,"template":"","format":"standard","meta":{"footnotes":""},"categories":[3],"tags":[],"class_list":["post-43546","post","type-post","status-publish","format-standard","has-post-thumbnail","hentry","category-politica"],"_links":{"self":[{"href":"https:\/\/247stiri.ro\/index.php\/wp-json\/wp\/v2\/posts\/43546","targetHints":{"allow":["GET"]}}],"collection":[{"href":"https:\/\/247stiri.ro\/index.php\/wp-json\/wp\/v2\/posts"}],"about":[{"href":"https:\/\/247stiri.ro\/index.php\/wp-json\/wp\/v2\/types\/post"}],"replies":[{"embeddable":true,"href":"https:\/\/247stiri.ro\/index.php\/wp-json\/wp\/v2\/comments?post=43546"}],"version-history":[{"count":0,"href":"https:\/\/247stiri.ro\/index.php\/wp-json\/wp\/v2\/posts\/43546\/revisions"}],"wp:featuredmedia":[{"embeddable":true,"href":"https:\/\/247stiri.ro\/index.php\/wp-json\/wp\/v2\/media\/43547"}],"wp:attachment":[{"href":"https:\/\/247stiri.ro\/index.php\/wp-json\/wp\/v2\/media?parent=43546"}],"wp:term":[{"taxonomy":"category","embeddable":true,"href":"https:\/\/247stiri.ro\/index.php\/wp-json\/wp\/v2\/categories?post=43546"},{"taxonomy":"post_tag","embeddable":true,"href":"https:\/\/247stiri.ro\/index.php\/wp-json\/wp\/v2\/tags?post=43546"}],"curies":[{"name":"wp","href":"https:\/\/api.w.org\/{rel}","templated":true}]}}