{"id":43550,"date":"2025-03-29T13:45:04","date_gmt":"2025-03-29T13:45:04","guid":{"rendered":"https:\/\/247stiri.ro\/index.php\/2025\/03\/29\/burduja-despre-apartenenta-romaniei-la-nato-inseamna-predictibilitate-intr-o-lume-imprevizibila\/"},"modified":"2025-03-29T13:45:04","modified_gmt":"2025-03-29T13:45:04","slug":"burduja-despre-apartenenta-romaniei-la-nato-inseamna-predictibilitate-intr-o-lume-imprevizibila","status":"publish","type":"post","link":"https:\/\/247stiri.ro\/index.php\/2025\/03\/29\/burduja-despre-apartenenta-romaniei-la-nato-inseamna-predictibilitate-intr-o-lume-imprevizibila\/","title":{"rendered":"Burduja, despre apartenen\u021ba Rom\u00e2niei la NATO: \u00censeamn\u0103 predictibilitate \u00eentr-o lume imprevizibil\u0103"},"content":{"rendered":"<p>&#8222;Apartenen\u021ba la NATO \u00eenseamn\u0103 mai mult dec\u00e2t baze militare \u0219i angajamente scrise \u00een tratate. \u00censeamn\u0103 predictibilitate \u00eentr-o lume imprevizibil\u0103. \u00censeamn\u0103 ca Rom\u00e2nia s\u0103 nu fie niciodat\u0103 singur\u0103. La fel e \u0219i cu energia. Dac\u0103 nu ai infrastructura potrivit\u0103, produc\u021bie intern\u0103, parteneriate solide \u0219i solu\u021bii pe termen lung, r\u0103m\u00e2i vulnerabil. Iar vulnerabilitatea se pl\u0103te\u0219te scump &#8211; \u00een bani, \u00een dependen\u021b\u0103, \u00een pierderea \u00eencrederii&#8221;, spune Burduja \u00een postarea men\u021bionat\u0103.<\/p>\n<p>Potrivit acestuia, securitatea energetic\u0103 este parte din securitatea na\u021bional\u0103.<\/p>\n<p>&#8222;A\u0219a cum scutul NATO ne protejeaz\u0103 grani\u021bele, investi\u021biile strategice ne protejeaz\u0103 de \u0219ocuri \u0219i crize. Rom\u00e2nia e azi mai puternic\u0103 dec\u00e2t acum 21 de ani. Nu pentru c\u0103 nu mai are amenin\u021b\u0103ri &#8211; ci pentru c\u0103 are alia\u021bi. Proiectul ader\u0103rii la NATO a fost posibil datorit\u0103 unui consens rar, istoric: lideri din toate partidele au pus interesul na\u021bional mai presus de diferen\u021be. Au \u00een\u021beles c\u0103 locul Rom\u00e2niei este \u00een r\u00e2ndul lumii libere, al democra\u021biile consolidate&#8221;, a precizat Burduja.<\/p>\n<p>El a subliniat c\u0103, ast\u0103zi, \u00eentr-un context la fel de complicat, aceast\u0103 responsabilitate r\u0103m\u00e2ne valabil\u0103.<\/p>\n<p>&#8222;Direc\u021bia Rom\u00e2niei nu trebuie l\u0103sat\u0103 la voia populismului sau a hazardului geopolitic. E nevoie de claritate, curaj \u0219i coeren\u021b\u0103 &#8211; de la to\u021bi cei care cred cu adev\u0103rat \u00een democra\u021bie \u0219i \u00een viitorul acestei \u021b\u0103ri, ca parte a lumii libere&#8221;, a mai scris ministrul Energiei.<\/p>","protected":false},"excerpt":{"rendered":"<p>&#8222;Apartenen\u021ba la NATO \u00eenseamn\u0103 mai mult dec\u00e2t baze militare \u0219i angajamente scrise \u00een tratate. \u00censeamn\u0103&hellip;<\/p>\n","protected":false},"author":0,"featured_media":43551,"comment_status":"open","ping_status":"open","sticky":false,"template":"","format":"standard","meta":{"footnotes":""},"categories":[3],"tags":[],"class_list":["post-43550","post","type-post","status-publish","format-standard","has-post-thumbnail","hentry","category-politica"],"_links":{"self":[{"href":"https:\/\/247stiri.ro\/index.php\/wp-json\/wp\/v2\/posts\/43550","targetHints":{"allow":["GET"]}}],"collection":[{"href":"https:\/\/247stiri.ro\/index.php\/wp-json\/wp\/v2\/posts"}],"about":[{"href":"https:\/\/247stiri.ro\/index.php\/wp-json\/wp\/v2\/types\/post"}],"replies":[{"embeddable":true,"href":"https:\/\/247stiri.ro\/index.php\/wp-json\/wp\/v2\/comments?post=43550"}],"version-history":[{"count":0,"href":"https:\/\/247stiri.ro\/index.php\/wp-json\/wp\/v2\/posts\/43550\/revisions"}],"wp:featuredmedia":[{"embeddable":true,"href":"https:\/\/247stiri.ro\/index.php\/wp-json\/wp\/v2\/media\/43551"}],"wp:attachment":[{"href":"https:\/\/247stiri.ro\/index.php\/wp-json\/wp\/v2\/media?parent=43550"}],"wp:term":[{"taxonomy":"category","embeddable":true,"href":"https:\/\/247stiri.ro\/index.php\/wp-json\/wp\/v2\/categories?post=43550"},{"taxonomy":"post_tag","embeddable":true,"href":"https:\/\/247stiri.ro\/index.php\/wp-json\/wp\/v2\/tags?post=43550"}],"curies":[{"name":"wp","href":"https:\/\/api.w.org\/{rel}","templated":true}]}}